{"id":41566,"date":"2025-07-12T11:37:06","date_gmt":"2025-07-12T08:37:06","guid":{"rendered":"https:\/\/www.egemtv.com\/?p=41566"},"modified":"2025-07-12T11:37:11","modified_gmt":"2025-07-12T08:37:11","slug":"tasolukta-862-bin-brokoli-fidesi-toprakla-bulustu","status":"publish","type":"post","link":"https:\/\/www.egemtv.com\/?p=41566","title":{"rendered":"Ta\u015foluk\u2019ta 862 bin brokoli fidesi toprakla bulu\u015ftu"},"content":{"rendered":"<p>Afyonkarahisar\u2019\u0131n Sinanpa\u015fa il\u00e7esine ba\u011fl\u0131 Ta\u015foluk beldesinde, brokoli \u00fcretimini te\u015fvik etmek amac\u0131yla ba\u015flat\u0131lan &#8220;Brokoli Yeti\u015ftiricili\u011fini Yayg\u0131nla\u015ft\u0131rma Projesi&#8221; \u00e7er\u00e7evesinde fide dikimleri ba\u015flad\u0131.<br \/>\n<br \/>Afyonkarahisar Valisi Do\u00e7. Dr. K\u00fcbra G\u00fcran Yi\u011fitba\u015f\u0131\u2019n\u0131n destekleriyle y\u00fcr\u00fct\u00fclen ve y\u00fcz 60\u2019\u0131 \u0130l \u00d6zel \u0130daresi taraf\u0131ndan finanse edilen proje kapsam\u0131nda, toplam 862 bin adet brokoli fidesi, 431 dekarl\u0131k alanda toprakla bulu\u015facak. Fide dikim \u00e7al\u0131\u015fmalar\u0131n\u0131n start\u0131, Sinanpa\u015fa Kaymakam\u0131 Emrah Aslan\u2019\u0131n kat\u0131l\u0131m\u0131yla verildi. \u00dcreticilerle bir araya gelen Kaymakam Aslan, projeyle hem b\u00f6lge tar\u0131m\u0131n\u0131n \u00e7e\u015fitlenece\u011fini hem de \u00e7ift\u00e7ilerin gelir d\u00fczeyinin artaca\u011f\u0131n\u0131 vurgulad\u0131. B\u00f6lgenin iklimine uygunlu\u011fu ve pazardaki talebiyle dikkat \u00e7eken brokolinin, \u00f6n\u00fcm\u00fczdeki s\u00fcre\u00e7te \u00f6nemli bir alternatif \u00fcr\u00fcn olmas\u0131 bekleniyor.<br \/><\/p>\n","protected":false},"excerpt":{"rendered":"<p>Afyonkarahisar\u2019\u0131n Sinanpa\u015fa il\u00e7esine ba\u011fl\u0131 Ta\u015foluk beldesinde, brokoli \u00fcretimini te\u015fvik etmek amac\u0131yla ba\u015flat\u0131lan &#8220;Brokoli Yeti\u015ftiricili\u011fini Yayg\u0131nla\u015ft\u0131rma Projesi&#8221; \u00e7er\u00e7evesinde fide dikimleri ba\u015flad\u0131. Afyonkarahisar Valisi Do\u00e7. Dr. K\u00fcbra G\u00fcran Yi\u011fitba\u015f\u0131\u2019n\u0131n destekleriyle y\u00fcr\u00fct\u00fclen ve y\u00fcz 60\u2019\u0131 \u0130l \u00d6zel \u0130daresi taraf\u0131ndan finanse edilen proje kapsam\u0131nda, toplam 862 bin adet brokoli fidesi, 431 dekarl\u0131k alanda toprakla bulu\u015facak. Fide dikim \u00e7al\u0131\u015fmalar\u0131n\u0131n start\u0131,&#8230;<\/p>\n","protected":false},"author":1,"featured_media":41567,"comment_status":"open","ping_status":"open","sticky":false,"template":"","format":"standard","meta":{"_crdt_document":"","footnotes":""},"categories":[1],"tags":[],"class_list":["post-41566","post","type-post","status-publish","format-standard","has-post-thumbnail","hentry","category-guncel"],"_links":{"self":[{"href":"https:\/\/www.egemtv.com\/index.php?rest_route=\/wp\/v2\/posts\/41566","targetHints":{"allow":["GET"]}}],"collection":[{"href":"https:\/\/www.egemtv.com\/index.php?rest_route=\/wp\/v2\/posts"}],"about":[{"href":"https:\/\/www.egemtv.com\/index.php?rest_route=\/wp\/v2\/types\/post"}],"author":[{"embeddable":true,"href":"https:\/\/www.egemtv.com\/index.php?rest_route=\/wp\/v2\/users\/1"}],"replies":[{"embeddable":true,"href":"https:\/\/www.egemtv.com\/index.php?rest_route=%2Fwp%2Fv2%2Fcomments&post=41566"}],"version-history":[{"count":1,"href":"https:\/\/www.egemtv.com\/index.php?rest_route=\/wp\/v2\/posts\/41566\/revisions"}],"predecessor-version":[{"id":41568,"href":"https:\/\/www.egemtv.com\/index.php?rest_route=\/wp\/v2\/posts\/41566\/revisions\/41568"}],"wp:featuredmedia":[{"embeddable":true,"href":"https:\/\/www.egemtv.com\/index.php?rest_route=\/wp\/v2\/media\/41567"}],"wp:attachment":[{"href":"https:\/\/www.egemtv.com\/index.php?rest_route=%2Fwp%2Fv2%2Fmedia&parent=41566"}],"wp:term":[{"taxonomy":"category","embeddable":true,"href":"https:\/\/www.egemtv.com\/index.php?rest_route=%2Fwp%2Fv2%2Fcategories&post=41566"},{"taxonomy":"post_tag","embeddable":true,"href":"https:\/\/www.egemtv.com\/index.php?rest_route=%2Fwp%2Fv2%2Ftags&post=41566"}],"curies":[{"name":"wp","href":"https:\/\/api.w.org\/{rel}","templated":true}]}}