{"id":41563,"date":"2025-07-12T11:37:02","date_gmt":"2025-07-12T08:37:02","guid":{"rendered":"https:\/\/www.egemtv.com\/?p=41563"},"modified":"2025-07-12T11:37:06","modified_gmt":"2025-07-12T08:37:06","slug":"hayalini-teknelerde-gerceklestirdi","status":"publish","type":"post","link":"https:\/\/www.egemtv.com\/?p=41563","title":{"rendered":"Hayalini teknelerde ger\u00e7ekle\u015ftirdi"},"content":{"rendered":"<p>\u0130ki y\u0131l \u00f6nce \u0130stanbul\u2019dan Mu\u011fla\u2019n\u0131n Marmaris il\u00e7esine ta\u015f\u0131nan stilist Cansu Akcan, erkek egemen bir alanda kendi i\u015fini kurarak dikkat \u00e7ekiyor. Tekne \u00e7ad\u0131rlar\u0131, minderleri ve marin d\u00f6\u015femeleri \u00fczerine \u00e7al\u0131\u015fan Akcan, mesle\u011fini &#8220;hayalim&#8221; dedi\u011fi denizle bulu\u015fturdu.<br \/>\n<br \/>Lise y\u0131llar\u0131nda tasar\u0131mla tan\u0131\u015fan Akcan, &#8220;Bu i\u015fe en ba\u015fta liseden ba\u015flad\u0131m. Bayan giyim tasar\u0131m\u0131 okudum. Daha sonra kuma\u015f\u0131 merak ettim, tekstil laborantl\u0131\u011f\u0131n\u0131 bitirdim. Ard\u0131ndan bilgisayarl\u0131 stilistlik ve modelistlik belgelerimi ald\u0131m&#8221; dedi.<\/p>\n<p>Sava\u015f gemisi d\u00f6\u015feme ve minderlerinden s\u00fcper l\u00fcks yatlara<br \/>\n<br \/>Meslek hayat\u0131na askeri bir dikimevinde ba\u015flayan Akcan, \u0130stanbul\u2019da g\u00f6rev yapt\u0131\u011f\u0131 birimden Aksaz\u2019a tayin oldu\u011funu ve Marmaris\u2019te hayalini ger\u00e7ekle\u015ftirmek i\u00e7in kald\u0131\u011f\u0131n\u0131 belirtti. Burada da sava\u015f gemilerinin d\u00f6\u015femelerini dikmeye devam etti\u011fini anlatan Akcan, &#8220;Deniz sekt\u00f6r\u00fc ger\u00e7ekten hayalimdi. Bu alan beni \u00e7ok cezbetti&#8221; ifadelerini kulland\u0131.<br \/>\n<br \/>Karar\u0131n\u0131 verip g\u00f6revinden istifa eden Akcan, Marmaris\u2019te kendi at\u00f6lyesini kurdu. Tekne ve yatlara \u00f6zel kal\u0131p alma, \u015fablon \u00e7\u0131karma, kuma\u015f kesimi ve dikimi gibi t\u00fcm a\u015famalar\u0131 tek ba\u015f\u0131na \u00fcstleniyor. Akcan &#8220;Tam anlam\u0131yla tekneye gidip, kal\u0131b\u0131n\u0131 \u00e7\u0131kar\u0131p, kuma\u015flar\u0131n\u0131 se\u00e7ip dikimini yap\u0131yorum. Hepsi marin kuma\u015f olmak zorunda. Fiziksel olarak zor ama seviyorum&#8221; diye konu\u015ftu.<br \/>\n<br \/>Marmaris\u2019te bu sekt\u00f6rde \u00e7al\u0131\u015fan ba\u015fka kad\u0131nlar\u0131n da oldu\u011funu belirten ancak gidip \u00f6l\u00e7\u00fc al\u0131p gelip dikip tekrar monte eden olarak yapan kimse olmad\u0131\u011f\u0131n\u0131 belirten Akcan, &#8220;\u0130nsanlar g\u00f6rd\u00fc\u011f\u00fcnde ger\u00e7ekten \u015fa\u015f\u0131r\u0131yor. \u2018Siz mi yap\u0131yorsunuz?\u2019 diyorlar. Ama geri d\u00f6n\u00fc\u015fler \u00e7ok olumlu&#8221; ifadelerini kulland\u0131.<br \/><\/p>\n","protected":false},"excerpt":{"rendered":"<p>\u0130ki y\u0131l \u00f6nce \u0130stanbul\u2019dan Mu\u011fla\u2019n\u0131n Marmaris il\u00e7esine ta\u015f\u0131nan stilist Cansu Akcan, erkek egemen bir alanda kendi i\u015fini kurarak dikkat \u00e7ekiyor. Tekne \u00e7ad\u0131rlar\u0131, minderleri ve marin d\u00f6\u015femeleri \u00fczerine \u00e7al\u0131\u015fan Akcan, mesle\u011fini &#8220;hayalim&#8221; dedi\u011fi denizle bulu\u015fturdu. Lise y\u0131llar\u0131nda tasar\u0131mla tan\u0131\u015fan Akcan, &#8220;Bu i\u015fe en ba\u015fta liseden ba\u015flad\u0131m. Bayan giyim tasar\u0131m\u0131 okudum. Daha sonra kuma\u015f\u0131 merak ettim, tekstil&#8230;<\/p>\n","protected":false},"author":1,"featured_media":41564,"comment_status":"open","ping_status":"open","sticky":false,"template":"","format":"standard","meta":{"_crdt_document":"","footnotes":""},"categories":[123],"tags":[],"class_list":["post-41563","post","type-post","status-publish","format-standard","has-post-thumbnail","hentry","category-gundem"],"_links":{"self":[{"href":"https:\/\/www.egemtv.com\/index.php?rest_route=\/wp\/v2\/posts\/41563","targetHints":{"allow":["GET"]}}],"collection":[{"href":"https:\/\/www.egemtv.com\/index.php?rest_route=\/wp\/v2\/posts"}],"about":[{"href":"https:\/\/www.egemtv.com\/index.php?rest_route=\/wp\/v2\/types\/post"}],"author":[{"embeddable":true,"href":"https:\/\/www.egemtv.com\/index.php?rest_route=\/wp\/v2\/users\/1"}],"replies":[{"embeddable":true,"href":"https:\/\/www.egemtv.com\/index.php?rest_route=%2Fwp%2Fv2%2Fcomments&post=41563"}],"version-history":[{"count":1,"href":"https:\/\/www.egemtv.com\/index.php?rest_route=\/wp\/v2\/posts\/41563\/revisions"}],"predecessor-version":[{"id":41565,"href":"https:\/\/www.egemtv.com\/index.php?rest_route=\/wp\/v2\/posts\/41563\/revisions\/41565"}],"wp:featuredmedia":[{"embeddable":true,"href":"https:\/\/www.egemtv.com\/index.php?rest_route=\/wp\/v2\/media\/41564"}],"wp:attachment":[{"href":"https:\/\/www.egemtv.com\/index.php?rest_route=%2Fwp%2Fv2%2Fmedia&parent=41563"}],"wp:term":[{"taxonomy":"category","embeddable":true,"href":"https:\/\/www.egemtv.com\/index.php?rest_route=%2Fwp%2Fv2%2Fcategories&post=41563"},{"taxonomy":"post_tag","embeddable":true,"href":"https:\/\/www.egemtv.com\/index.php?rest_route=%2Fwp%2Fv2%2Ftags&post=41563"}],"curies":[{"name":"wp","href":"https:\/\/api.w.org\/{rel}","templated":true}]}}