{"id":41560,"date":"2025-07-12T11:36:54","date_gmt":"2025-07-12T08:36:54","guid":{"rendered":"https:\/\/www.egemtv.com\/?p=41560"},"modified":"2025-07-12T11:37:02","modified_gmt":"2025-07-12T08:37:02","slug":"altintasta-ipard-iii-programi-tanitildi","status":"publish","type":"post","link":"https:\/\/www.egemtv.com\/?p=41560","title":{"rendered":"Alt\u0131nta\u015f\u2019ta IPARD III program\u0131 tan\u0131t\u0131ld\u0131"},"content":{"rendered":"<p>Tar\u0131m ve K\u0131rsal Kalk\u0131nmay\u0131 Destekleme Kurumu (TKDK) K\u00fctahya \u0130l Koordinat\u00f6rl\u00fc\u011f\u00fc, 2025 y\u0131l\u0131 destekleme d\u00f6nemine y\u00f6nelik IPARD III Program\u0131 kapsam\u0131nda Alt\u0131nta\u015f il\u00e7esinde bilgilendirme toplant\u0131s\u0131 d\u00fczenledi.<br \/>\n<br \/>Toplant\u0131ya \u00fcreticiler yo\u011fun ilgi g\u00f6sterirken, kat\u0131l\u0131mc\u0131lara program\u0131n destek kapsam\u0131, ba\u015fvuru s\u00fcreci ve sa\u011flanan hibeler hakk\u0131nda detayl\u0131 bilgi verildi. TKDK K\u00fctahya \u0130l Koordinat\u00f6r\u00fc Birsen Karaaslan yapt\u0131\u011f\u0131 a\u00e7\u0131klamada, &#8220;IPARD III Program\u0131 2025 y\u0131l\u0131 destekleme d\u00f6nemine ili\u015fkin Alt\u0131nta\u015f il\u00e7emizde bilgilendirme toplant\u0131s\u0131 ger\u00e7ekle\u015ftirdik. Organizasyonda eme\u011fi ge\u00e7en Alt\u0131nta\u015f \u0130l\u00e7e Tar\u0131m ve Orman M\u00fcd\u00fcr\u00fcm\u00fcze, Alt\u0131nta\u015f Ziraat Odas\u0131 Ba\u015fkan\u0131m\u0131za ve t\u00fcm kat\u0131l\u0131mc\u0131lar\u0131m\u0131za te\u015fekk\u00fcr ederiz&#8221; ifadelerini kulland\u0131.<br \/>\n<br \/>Karaaslan a\u00e7\u0131klamas\u0131n\u0131, &#8220;\u00dcretim sizden, destek bizden&#8221; s\u00f6zleriyle tamamlad\u0131.<br \/><\/p>\n","protected":false},"excerpt":{"rendered":"<p>Tar\u0131m ve K\u0131rsal Kalk\u0131nmay\u0131 Destekleme Kurumu (TKDK) K\u00fctahya \u0130l Koordinat\u00f6rl\u00fc\u011f\u00fc, 2025 y\u0131l\u0131 destekleme d\u00f6nemine y\u00f6nelik IPARD III Program\u0131 kapsam\u0131nda Alt\u0131nta\u015f il\u00e7esinde bilgilendirme toplant\u0131s\u0131 d\u00fczenledi. Toplant\u0131ya \u00fcreticiler yo\u011fun ilgi g\u00f6sterirken, kat\u0131l\u0131mc\u0131lara program\u0131n destek kapsam\u0131, ba\u015fvuru s\u00fcreci ve sa\u011flanan hibeler hakk\u0131nda detayl\u0131 bilgi verildi. TKDK K\u00fctahya \u0130l Koordinat\u00f6r\u00fc Birsen Karaaslan yapt\u0131\u011f\u0131 a\u00e7\u0131klamada, &#8220;IPARD III Program\u0131 2025 y\u0131l\u0131&#8230;<\/p>\n","protected":false},"author":1,"featured_media":41561,"comment_status":"open","ping_status":"open","sticky":false,"template":"","format":"standard","meta":{"_crdt_document":"","footnotes":""},"categories":[125],"tags":[],"class_list":["post-41560","post","type-post","status-publish","format-standard","has-post-thumbnail","hentry","category-ekonomi"],"_links":{"self":[{"href":"https:\/\/www.egemtv.com\/index.php?rest_route=\/wp\/v2\/posts\/41560","targetHints":{"allow":["GET"]}}],"collection":[{"href":"https:\/\/www.egemtv.com\/index.php?rest_route=\/wp\/v2\/posts"}],"about":[{"href":"https:\/\/www.egemtv.com\/index.php?rest_route=\/wp\/v2\/types\/post"}],"author":[{"embeddable":true,"href":"https:\/\/www.egemtv.com\/index.php?rest_route=\/wp\/v2\/users\/1"}],"replies":[{"embeddable":true,"href":"https:\/\/www.egemtv.com\/index.php?rest_route=%2Fwp%2Fv2%2Fcomments&post=41560"}],"version-history":[{"count":1,"href":"https:\/\/www.egemtv.com\/index.php?rest_route=\/wp\/v2\/posts\/41560\/revisions"}],"predecessor-version":[{"id":41562,"href":"https:\/\/www.egemtv.com\/index.php?rest_route=\/wp\/v2\/posts\/41560\/revisions\/41562"}],"wp:featuredmedia":[{"embeddable":true,"href":"https:\/\/www.egemtv.com\/index.php?rest_route=\/wp\/v2\/media\/41561"}],"wp:attachment":[{"href":"https:\/\/www.egemtv.com\/index.php?rest_route=%2Fwp%2Fv2%2Fmedia&parent=41560"}],"wp:term":[{"taxonomy":"category","embeddable":true,"href":"https:\/\/www.egemtv.com\/index.php?rest_route=%2Fwp%2Fv2%2Fcategories&post=41560"},{"taxonomy":"post_tag","embeddable":true,"href":"https:\/\/www.egemtv.com\/index.php?rest_route=%2Fwp%2Fv2%2Ftags&post=41560"}],"curies":[{"name":"wp","href":"https:\/\/api.w.org\/{rel}","templated":true}]}}