{"id":41557,"date":"2025-07-12T11:36:50","date_gmt":"2025-07-12T08:36:50","guid":{"rendered":"https:\/\/www.egemtv.com\/?p=41557"},"modified":"2025-07-12T11:36:54","modified_gmt":"2025-07-12T08:36:54","slug":"kutahyali-ogrencilerden-turkiye-capinda-buyuk-basari","status":"publish","type":"post","link":"https:\/\/www.egemtv.com\/?p=41557","title":{"rendered":"K\u00fctahyal\u0131 \u00f6\u011frencilerden T\u00fcrkiye \u00e7ap\u0131nda b\u00fcy\u00fck ba\u015far\u0131"},"content":{"rendered":"<p>K\u00fctahya Cumhuriyet Ortaokulu \u00f6\u011frencileri Murat Bayraktar ve Kuzey Turan, para y\u00fczme bran\u015f\u0131nda T\u00fcrkiye genelinde elde ettikleri ba\u015far\u0131larla hem ailelerini hem de \u015fehri gururland\u0131rd\u0131.<br \/>\n<br \/>Ba\u015far\u0131l\u0131 sporcular, K\u00fctahya \u0130l Mill\u00ee E\u011fitim M\u00fcd\u00fcr\u00fc Mustafa Y\u0131lmaz taraf\u0131ndan makamda kabul edildi. Ziyarete Okul M\u00fcd\u00fcr\u00fc Erhan T\u00fcner, M\u00fcd\u00fcr Yard\u0131mc\u0131s\u0131 Ey\u00fcp Biber ve \u00f6\u011frencilerin velileri de kat\u0131ld\u0131. \u0130l Mill\u00ee E\u011fitim M\u00fcd\u00fcr\u00fc Y\u0131lmaz, g\u00f6sterdikleri azim ve elde ettikleri derecelerle \u00f6rnek olan \u00f6\u011frencilere te\u015fekk\u00fcr ederek, ba\u015far\u0131lar\u0131n\u0131n devam\u0131n\u0131 diledi.<br \/>\n<br \/>Murat Bayraktar, Gaziantep\u2019te d\u00fczenlenen Okul Sporlar\u0131 Y\u0131ld\u0131zlar Para Y\u00fczme T\u00fcrkiye \u015eampiyonas\u0131\u2019nda 4 T\u00fcrkiye birincili\u011fi ve 2 T\u00fcrkiye \u00fc\u00e7\u00fcnc\u00fcl\u00fc\u011f\u00fc elde etti. Kuzey Turan ise Deaf Milli Tak\u0131m Se\u00e7meleri\u2019nde T\u00fcrkiye ikincisi olarak, Ocak 2026\u2019da Almanya\u2019da yap\u0131lacak m\u00fcsabakalarda T\u00fcrkiye\u2019yi temsil etme hakk\u0131 kazand\u0131.<br \/><\/p>\n","protected":false},"excerpt":{"rendered":"<p>K\u00fctahya Cumhuriyet Ortaokulu \u00f6\u011frencileri Murat Bayraktar ve Kuzey Turan, para y\u00fczme bran\u015f\u0131nda T\u00fcrkiye genelinde elde ettikleri ba\u015far\u0131larla hem ailelerini hem de \u015fehri gururland\u0131rd\u0131. Ba\u015far\u0131l\u0131 sporcular, K\u00fctahya \u0130l Mill\u00ee E\u011fitim M\u00fcd\u00fcr\u00fc Mustafa Y\u0131lmaz taraf\u0131ndan makamda kabul edildi. Ziyarete Okul M\u00fcd\u00fcr\u00fc Erhan T\u00fcner, M\u00fcd\u00fcr Yard\u0131mc\u0131s\u0131 Ey\u00fcp Biber ve \u00f6\u011frencilerin velileri de kat\u0131ld\u0131. \u0130l Mill\u00ee E\u011fitim M\u00fcd\u00fcr\u00fc Y\u0131lmaz,&#8230;<\/p>\n","protected":false},"author":1,"featured_media":41558,"comment_status":"open","ping_status":"open","sticky":false,"template":"","format":"standard","meta":{"_crdt_document":"","footnotes":""},"categories":[123],"tags":[],"class_list":["post-41557","post","type-post","status-publish","format-standard","has-post-thumbnail","hentry","category-gundem"],"_links":{"self":[{"href":"https:\/\/www.egemtv.com\/index.php?rest_route=\/wp\/v2\/posts\/41557","targetHints":{"allow":["GET"]}}],"collection":[{"href":"https:\/\/www.egemtv.com\/index.php?rest_route=\/wp\/v2\/posts"}],"about":[{"href":"https:\/\/www.egemtv.com\/index.php?rest_route=\/wp\/v2\/types\/post"}],"author":[{"embeddable":true,"href":"https:\/\/www.egemtv.com\/index.php?rest_route=\/wp\/v2\/users\/1"}],"replies":[{"embeddable":true,"href":"https:\/\/www.egemtv.com\/index.php?rest_route=%2Fwp%2Fv2%2Fcomments&post=41557"}],"version-history":[{"count":1,"href":"https:\/\/www.egemtv.com\/index.php?rest_route=\/wp\/v2\/posts\/41557\/revisions"}],"predecessor-version":[{"id":41559,"href":"https:\/\/www.egemtv.com\/index.php?rest_route=\/wp\/v2\/posts\/41557\/revisions\/41559"}],"wp:featuredmedia":[{"embeddable":true,"href":"https:\/\/www.egemtv.com\/index.php?rest_route=\/wp\/v2\/media\/41558"}],"wp:attachment":[{"href":"https:\/\/www.egemtv.com\/index.php?rest_route=%2Fwp%2Fv2%2Fmedia&parent=41557"}],"wp:term":[{"taxonomy":"category","embeddable":true,"href":"https:\/\/www.egemtv.com\/index.php?rest_route=%2Fwp%2Fv2%2Fcategories&post=41557"},{"taxonomy":"post_tag","embeddable":true,"href":"https:\/\/www.egemtv.com\/index.php?rest_route=%2Fwp%2Fv2%2Ftags&post=41557"}],"curies":[{"name":"wp","href":"https:\/\/api.w.org\/{rel}","templated":true}]}}