{"id":41466,"date":"2025-07-11T20:34:52","date_gmt":"2025-07-11T17:34:52","guid":{"rendered":"https:\/\/www.egemtv.com\/?p=41466"},"modified":"2025-07-11T20:34:57","modified_gmt":"2025-07-11T17:34:57","slug":"incirliovalilar-asure-hayrinda-bulustu","status":"publish","type":"post","link":"https:\/\/www.egemtv.com\/?p=41466","title":{"rendered":"\u0130ncirlioval\u0131lar A\u015fure hayr\u0131nda bulu\u015ftu"},"content":{"rendered":"<p>\u0130ncirliova Belediyesi, her y\u0131l geleneksel olarak d\u00fczenledi\u011fi A\u015fure hayr\u0131n\u0131 bu y\u0131l da b\u00fcy\u00fck bir kat\u0131l\u0131mla ger\u00e7ekle\u015ftirdi. Cumhuriyet Meydan\u0131\u2019nda d\u00fczenlenen etkinlikte Belediye Ba\u015fkan\u0131 Aytekin Kaya, \u00fczerine g\u00f6rsel olarak T\u00fcrk Bayra\u011f\u0131 i\u015flenen A\u015fureyi vatanda\u015flara ikram etti.<\/p>\n<p>Muharrem ay\u0131 dolay\u0131s\u0131yla d\u00fczenlenen hay\u0131r etkinli\u011fine vatanda\u015flar yo\u011fun ilgi g\u00f6sterdi. Programda 680 y\u0131l\u0131nda Kerbela\u2019da \u015fehit edilen Hz. H\u00fcseyin ve Kerbela \u015fehitleri an\u0131ld\u0131, Kur\u2019an-\u0131 Kerim tilaveti sonras\u0131 \u0130ncirliova M\u00fcft\u00fc Yard\u0131mc\u0131s\u0131 Mustafa Ayd\u0131n taraf\u0131ndan dua edildi.<br \/>\n<br \/>Ba\u015fkan Kaya\u2019n\u0131n \u00f6nc\u00fcl\u00fc\u011f\u00fcnde d\u00fczenlenen A\u015fure hayr\u0131na \u0130ncirliova Kaymakam\u0131 \u0130lhan Abay, AK Parti Ayd\u0131n \u0130l Ba\u015fkan\u0131 Mehmet Erdem, AK Parti \u0130ncirliova \u0130l\u00e7e Ba\u015fkan\u0131 Mehmet Y\u00fczba\u015f\u0131o\u011flu, MHP \u0130ncirliova \u0130l\u00e7e Ba\u015fkan\u0131 Ercan \u00d6zdemir, Belediye Ba\u015fkan Yard\u0131mc\u0131lar\u0131 Metin Korucu, Polat Tanr\u0131kulu, \u00c7etin Bayatl\u0131, siyasi parti temsilcileri, kurum m\u00fcd\u00fcrleri, STK ba\u015fkanlar\u0131, muhtarlar ve \u00e7ok say\u0131da vatanda\u015f kat\u0131ld\u0131.<br \/>\n<br \/>Etkinlik boyunca vatanda\u015flarla tek tek ilgilenen Ba\u015fkan Kaya, yapt\u0131\u011f\u0131 a\u00e7\u0131klamada, &#8220;Her y\u0131l geleneksel olarak ger\u00e7ekle\u015ftirdi\u011fimiz A\u015fure Hayr\u0131m\u0131z\u0131, bu y\u0131l da yo\u011fun bir kat\u0131l\u0131mla ger\u00e7ekle\u015ftirdik. Bu vesileyle hem birlik ve beraberli\u011fimizi peki\u015ftiriyor hem de payla\u015fman\u0131n g\u00fczelli\u011fini ya\u015f\u0131yoruz. Y\u00fcce Allah, insanl\u0131k alemine bir daha Kerbela gibi ac\u0131lar ya\u015fatmas\u0131n.&#8221; dedi.<br \/>\n<br \/>Muharrem ay\u0131n\u0131n anlam ve \u00f6nemine de de\u011finen Ba\u015fkan Kaya, &#8220;Kerbela \u015fehitlerimiz i\u00e7in tutulan Yas-\u0131 Matem oru\u00e7lar\u0131n\u0131n ve yap\u0131lan ibadetlerin H\u00e2kk kat\u0131nda kabul olmas\u0131n\u0131 diliyor, Sevgili Peygamberimiz Hz. Muhammed\u2019in torunu Hz. H\u00fcseyin\u2019i ve Kerbela \u015fehitlerini sayg\u0131 ve rahmetle an\u0131yorum. Hanelerimizin A\u015fure bereketiyle bereketlenmesini, g\u00f6n\u00fcllerimizin yap\u0131lan dua ve ibadetlerle huzur dolmas\u0131n\u0131 temenni ediyor, hayr\u0131m\u0131za kat\u0131lan t\u00fcm vatanda\u015flar\u0131m\u0131za ve konuklar\u0131m\u0131za ayr\u0131 ayr\u0131 te\u015fekk\u00fcr ediyorum.&#8221; ifadelerini kulland\u0131.<br \/><\/p>\n","protected":false},"excerpt":{"rendered":"<p>\u0130ncirliova Belediyesi, her y\u0131l geleneksel olarak d\u00fczenledi\u011fi A\u015fure hayr\u0131n\u0131 bu y\u0131l da b\u00fcy\u00fck bir kat\u0131l\u0131mla ger\u00e7ekle\u015ftirdi. Cumhuriyet Meydan\u0131\u2019nda d\u00fczenlenen etkinlikte Belediye Ba\u015fkan\u0131 Aytekin Kaya, \u00fczerine g\u00f6rsel olarak T\u00fcrk Bayra\u011f\u0131 i\u015flenen A\u015fureyi vatanda\u015flara ikram etti. Muharrem ay\u0131 dolay\u0131s\u0131yla d\u00fczenlenen hay\u0131r etkinli\u011fine vatanda\u015flar yo\u011fun ilgi g\u00f6sterdi. Programda 680 y\u0131l\u0131nda Kerbela\u2019da \u015fehit edilen Hz. H\u00fcseyin ve Kerbela \u015fehitleri&#8230;<\/p>\n","protected":false},"author":1,"featured_media":41467,"comment_status":"open","ping_status":"open","sticky":false,"template":"","format":"standard","meta":{"_crdt_document":"","footnotes":""},"categories":[1],"tags":[],"class_list":["post-41466","post","type-post","status-publish","format-standard","has-post-thumbnail","hentry","category-guncel"],"_links":{"self":[{"href":"https:\/\/www.egemtv.com\/index.php?rest_route=\/wp\/v2\/posts\/41466","targetHints":{"allow":["GET"]}}],"collection":[{"href":"https:\/\/www.egemtv.com\/index.php?rest_route=\/wp\/v2\/posts"}],"about":[{"href":"https:\/\/www.egemtv.com\/index.php?rest_route=\/wp\/v2\/types\/post"}],"author":[{"embeddable":true,"href":"https:\/\/www.egemtv.com\/index.php?rest_route=\/wp\/v2\/users\/1"}],"replies":[{"embeddable":true,"href":"https:\/\/www.egemtv.com\/index.php?rest_route=%2Fwp%2Fv2%2Fcomments&post=41466"}],"version-history":[{"count":1,"href":"https:\/\/www.egemtv.com\/index.php?rest_route=\/wp\/v2\/posts\/41466\/revisions"}],"predecessor-version":[{"id":41468,"href":"https:\/\/www.egemtv.com\/index.php?rest_route=\/wp\/v2\/posts\/41466\/revisions\/41468"}],"wp:featuredmedia":[{"embeddable":true,"href":"https:\/\/www.egemtv.com\/index.php?rest_route=\/wp\/v2\/media\/41467"}],"wp:attachment":[{"href":"https:\/\/www.egemtv.com\/index.php?rest_route=%2Fwp%2Fv2%2Fmedia&parent=41466"}],"wp:term":[{"taxonomy":"category","embeddable":true,"href":"https:\/\/www.egemtv.com\/index.php?rest_route=%2Fwp%2Fv2%2Fcategories&post=41466"},{"taxonomy":"post_tag","embeddable":true,"href":"https:\/\/www.egemtv.com\/index.php?rest_route=%2Fwp%2Fv2%2Ftags&post=41466"}],"curies":[{"name":"wp","href":"https:\/\/api.w.org\/{rel}","templated":true}]}}