{"id":41463,"date":"2025-07-11T19:55:07","date_gmt":"2025-07-11T16:55:07","guid":{"rendered":"https:\/\/www.egemtv.com\/?p=41463"},"modified":"2025-07-11T19:55:13","modified_gmt":"2025-07-11T16:55:13","slug":"koskte-esnaflardan-asure-hayri","status":"publish","type":"post","link":"https:\/\/www.egemtv.com\/?p=41463","title":{"rendered":"K\u00f6\u015fk\u2019te esnaflardan a\u015fure hayr\u0131"},"content":{"rendered":"<p>K\u00f6\u015fk Ba\u015f\u00e7ay\u0131r Mahallesinde bulunan esnaflar, muharrem ay\u0131 dolay\u0131s\u0131yla a\u015fure hayr\u0131 ger\u00e7ekle\u015ftirdi.<br \/>\n<br \/>Muharrem ay\u0131n\u0131n gelmesiyle birlikte Ayd\u0131n\u2019da bir\u00e7ok noktada a\u015fure kazanlar\u0131 kaynamaya ba\u015flarken, K\u00f6\u015fk il\u00e7esi Ba\u015f\u00e7ay\u0131r Mahallesinde bulunan esnaflar da a\u015fure hayr\u0131 ger\u00e7ekle\u015ftirdi.<br \/>\n<br \/>Ba\u015f\u00e7ay\u0131r Mahallesi \u00c7ar\u015f\u0131 esnaf\u0131ndan \u00dcnal G\u00f6rg\u00fcl\u00fc, Aykut Sar\u0131 ve Mustafa \u00d6zcan bir araya gelerek imece usul\u00fc toplad\u0131klar\u0131 paralarla a\u015fure hayr\u0131n\u0131 yaparken, bir yandan da birlik ve beraberlik vurgusu yapt\u0131lar.<br \/>\n<br \/>Cuma namaz\u0131 \u00f6ncesinde haz\u0131rlad\u0131klar\u0131 2 kazan a\u015fureye vatanda\u015flar da yo\u011fun ilgi g\u00f6sterirken, da\u011f\u0131t\u0131lan 500 ki\u015filik a\u015fure iki saat i\u00e7inde t\u00fckendi. \u0130lgi g\u00f6steren ve kat\u0131lan herkese te\u015fekk\u00fcr eden mahalle esnaf\u0131 ise geleneksel hale getirecekleri a\u015fure hayr\u0131n\u0131n hay\u0131rlara vesile olmas\u0131n\u0131 ve evlere bereket getirmesini dilediler.<br \/>\n<br \/>Muharrem ay\u0131 dolay\u0131s\u0131yla geleneksel a\u015fure hay\u0131rlar\u0131n\u0131 yapt\u0131klar\u0131n\u0131 ifade eden K\u00f6\u015fk Esnaf ve Sanatkarlar odas\u0131 Y\u00f6netim \u00dcyesi ve Ba\u015f\u00e7ay\u0131r Mahallesi \u00c7ar\u015f\u0131 esnaflar\u0131ndan \u00dcnal G\u00f6rg\u00fcl\u00fc; &#8220;Muharrem ay\u0131ndan dolay\u0131 a\u015fure ay\u0131yla beraber \u015fehitlerimiz i\u00e7in, \u00f6lm\u00fc\u015flerimiz i\u00e7in ve birlikteli\u011fimiz i\u00e7in a\u015fure hayr\u0131 yapt\u0131k. Esnaflar\u0131m\u0131zla birlik ve beraberli\u011fimizi kuvvetlendirmek ad\u0131na hep beraber \u00e7ar\u015f\u0131 esnaf\u0131 olarak a\u015fure hayr\u0131m\u0131z\u0131 yapt\u0131k&#8221; dedi.<br \/><\/p>\n","protected":false},"excerpt":{"rendered":"<p>K\u00f6\u015fk Ba\u015f\u00e7ay\u0131r Mahallesinde bulunan esnaflar, muharrem ay\u0131 dolay\u0131s\u0131yla a\u015fure hayr\u0131 ger\u00e7ekle\u015ftirdi. Muharrem ay\u0131n\u0131n gelmesiyle birlikte Ayd\u0131n\u2019da bir\u00e7ok noktada a\u015fure kazanlar\u0131 kaynamaya ba\u015flarken, K\u00f6\u015fk il\u00e7esi Ba\u015f\u00e7ay\u0131r Mahallesinde bulunan esnaflar da a\u015fure hayr\u0131 ger\u00e7ekle\u015ftirdi. Ba\u015f\u00e7ay\u0131r Mahallesi \u00c7ar\u015f\u0131 esnaf\u0131ndan \u00dcnal G\u00f6rg\u00fcl\u00fc, Aykut Sar\u0131 ve Mustafa \u00d6zcan bir araya gelerek imece usul\u00fc toplad\u0131klar\u0131 paralarla a\u015fure hayr\u0131n\u0131 yaparken, bir yandan&#8230;<\/p>\n","protected":false},"author":1,"featured_media":41464,"comment_status":"open","ping_status":"open","sticky":false,"template":"","format":"standard","meta":{"_crdt_document":"","footnotes":""},"categories":[1],"tags":[],"class_list":["post-41463","post","type-post","status-publish","format-standard","has-post-thumbnail","hentry","category-guncel"],"_links":{"self":[{"href":"https:\/\/www.egemtv.com\/index.php?rest_route=\/wp\/v2\/posts\/41463","targetHints":{"allow":["GET"]}}],"collection":[{"href":"https:\/\/www.egemtv.com\/index.php?rest_route=\/wp\/v2\/posts"}],"about":[{"href":"https:\/\/www.egemtv.com\/index.php?rest_route=\/wp\/v2\/types\/post"}],"author":[{"embeddable":true,"href":"https:\/\/www.egemtv.com\/index.php?rest_route=\/wp\/v2\/users\/1"}],"replies":[{"embeddable":true,"href":"https:\/\/www.egemtv.com\/index.php?rest_route=%2Fwp%2Fv2%2Fcomments&post=41463"}],"version-history":[{"count":1,"href":"https:\/\/www.egemtv.com\/index.php?rest_route=\/wp\/v2\/posts\/41463\/revisions"}],"predecessor-version":[{"id":41465,"href":"https:\/\/www.egemtv.com\/index.php?rest_route=\/wp\/v2\/posts\/41463\/revisions\/41465"}],"wp:featuredmedia":[{"embeddable":true,"href":"https:\/\/www.egemtv.com\/index.php?rest_route=\/wp\/v2\/media\/41464"}],"wp:attachment":[{"href":"https:\/\/www.egemtv.com\/index.php?rest_route=%2Fwp%2Fv2%2Fmedia&parent=41463"}],"wp:term":[{"taxonomy":"category","embeddable":true,"href":"https:\/\/www.egemtv.com\/index.php?rest_route=%2Fwp%2Fv2%2Fcategories&post=41463"},{"taxonomy":"post_tag","embeddable":true,"href":"https:\/\/www.egemtv.com\/index.php?rest_route=%2Fwp%2Fv2%2Ftags&post=41463"}],"curies":[{"name":"wp","href":"https:\/\/api.w.org\/{rel}","templated":true}]}}