{"id":41460,"date":"2025-07-11T19:54:59","date_gmt":"2025-07-11T16:54:59","guid":{"rendered":"https:\/\/www.egemtv.com\/?p=41460"},"modified":"2025-07-11T19:55:07","modified_gmt":"2025-07-11T16:55:07","slug":"kulada-gece-kartallarindan-uyusturucuya-gecit-yok-2-tutuklama","status":"publish","type":"post","link":"https:\/\/www.egemtv.com\/?p=41460","title":{"rendered":"Kula\u2019da gece kartallar\u0131ndan uyu\u015fturucuya ge\u00e7it yok: 2 tutuklama"},"content":{"rendered":"<p>Manisa\u2019n\u0131n Kula il\u00e7esinde \u00e7ar\u015f\u0131 ve mahalle bek\u00e7ilerinin son 3 g\u00fcnde yapt\u0131klar\u0131 devriye ve kontroller s\u0131ras\u0131nda uyu\u015fturucu ile yakalanan 6 ki\u015fiden 2\u2019si tutukland\u0131.<br \/>\n<br \/>Edinilen bilgilere g\u00f6re, Kula \u0130l\u00e7e Emniyet M\u00fcd\u00fcrl\u00fc\u011f\u00fcne ba\u011fl\u0131 &#8220;gece kartallar\u0131&#8221; olarak bilinen \u00e7ar\u015f\u0131 ve mahalle bek\u00e7ilerinin il\u00e7e merkezinde gece saatlerinde yapt\u0131\u011f\u0131 devriye g\u00f6revinde \u015f\u00fcpheli hareketler sergileyen H.Y. (20), S.E. (17), K.\u00c7. (26) ve U.K. (37) isimli \u015fah\u0131slar durdurularak \u00fcst aramalar\u0131 yap\u0131ld\u0131. Yap\u0131lan aramada sigara paketine gizlenmi\u015f 3 par\u00e7a bonzai ele ge\u00e7irildi. G\u00f6zalt\u0131na al\u0131nan \u015f\u00fcpheliler, emniyetteki i\u015flemlerinin ard\u0131ndan savc\u0131l\u0131\u011fa sevk edildi. \u015e\u00fcphelilerden H.Y. \u00e7\u0131kar\u0131ld\u0131\u011f\u0131 mahkemece tutuklanarak cezaevine g\u00f6nderilirken, di\u011fer 3 ki\u015fi serbest b\u0131rak\u0131ld\u0131.<br \/>\n<br \/>Bir di\u011fer operasyonda ise yine gece saatlerinde durumlar\u0131ndan \u015f\u00fcphelenilen \u015fah\u0131slar\u0131n \u00fczerinde yap\u0131lan aramada C.T. (19) isimli ki\u015finin \u00fczerinde uyu\u015fturucu hap bulundu. Devam eden soru\u015fturmada C.T.\u2019nin ba\u011flant\u0131l\u0131 oldu\u011fu de\u011ferlendirilen M.E. (25) isimli \u015fahs\u0131n ikametinde yap\u0131lan aramada 51 adet uyu\u015fturucu hap ile uyu\u015fturucu kullan\u0131m aparat\u0131 ele ge\u00e7irildi. G\u00f6zalt\u0131na al\u0131narak savc\u0131l\u0131\u011fa sevk edilen \u015f\u00fcphelilerden C.T. serbest b\u0131rak\u0131l\u0131rken, M.E. tutuklanarak cezaevine g\u00f6nderildi.<\/p>\n<p>Uyu\u015fturucuya kar\u015f\u0131 kararl\u0131l\u0131k mesaj\u0131<br \/>\n<br \/>Kula \u0130l\u00e7e Emniyet M\u00fcd\u00fcrl\u00fc\u011f\u00fc, uyu\u015fturucu ile m\u00fccadele \u00e7al\u0131\u015fmalar\u0131n\u0131n kararl\u0131l\u0131kla s\u00fcrd\u00fc\u011f\u00fcn\u00fc ve toplumun huzurunu bozan unsurlara kar\u015f\u0131 taviz verilmeyece\u011fini vurgulad\u0131. Yetkililer, \u00f6zellikle gece saatlerinde g\u00f6rev yapan &#8220;gece kartallar\u0131&#8221;n\u0131n ba\u015far\u0131l\u0131 \u00e7al\u0131\u015fmalar\u0131yla uyu\u015fturucuya ge\u00e7it verilmeyece\u011fini belirtti.<br \/><\/p>\n","protected":false},"excerpt":{"rendered":"<p>Manisa\u2019n\u0131n Kula il\u00e7esinde \u00e7ar\u015f\u0131 ve mahalle bek\u00e7ilerinin son 3 g\u00fcnde yapt\u0131klar\u0131 devriye ve kontroller s\u0131ras\u0131nda uyu\u015fturucu ile yakalanan 6 ki\u015fiden 2\u2019si tutukland\u0131. Edinilen bilgilere g\u00f6re, Kula \u0130l\u00e7e Emniyet M\u00fcd\u00fcrl\u00fc\u011f\u00fcne ba\u011fl\u0131 &#8220;gece kartallar\u0131&#8221; olarak bilinen \u00e7ar\u015f\u0131 ve mahalle bek\u00e7ilerinin il\u00e7e merkezinde gece saatlerinde yapt\u0131\u011f\u0131 devriye g\u00f6revinde \u015f\u00fcpheli hareketler sergileyen H.Y. (20), S.E. (17), K.\u00c7. (26) ve&#8230;<\/p>\n","protected":false},"author":1,"featured_media":41461,"comment_status":"open","ping_status":"open","sticky":false,"template":"","format":"standard","meta":{"_crdt_document":"","footnotes":""},"categories":[5],"tags":[],"class_list":["post-41460","post","type-post","status-publish","format-standard","has-post-thumbnail","hentry","category-asayis"],"_links":{"self":[{"href":"https:\/\/www.egemtv.com\/index.php?rest_route=\/wp\/v2\/posts\/41460","targetHints":{"allow":["GET"]}}],"collection":[{"href":"https:\/\/www.egemtv.com\/index.php?rest_route=\/wp\/v2\/posts"}],"about":[{"href":"https:\/\/www.egemtv.com\/index.php?rest_route=\/wp\/v2\/types\/post"}],"author":[{"embeddable":true,"href":"https:\/\/www.egemtv.com\/index.php?rest_route=\/wp\/v2\/users\/1"}],"replies":[{"embeddable":true,"href":"https:\/\/www.egemtv.com\/index.php?rest_route=%2Fwp%2Fv2%2Fcomments&post=41460"}],"version-history":[{"count":1,"href":"https:\/\/www.egemtv.com\/index.php?rest_route=\/wp\/v2\/posts\/41460\/revisions"}],"predecessor-version":[{"id":41462,"href":"https:\/\/www.egemtv.com\/index.php?rest_route=\/wp\/v2\/posts\/41460\/revisions\/41462"}],"wp:featuredmedia":[{"embeddable":true,"href":"https:\/\/www.egemtv.com\/index.php?rest_route=\/wp\/v2\/media\/41461"}],"wp:attachment":[{"href":"https:\/\/www.egemtv.com\/index.php?rest_route=%2Fwp%2Fv2%2Fmedia&parent=41460"}],"wp:term":[{"taxonomy":"category","embeddable":true,"href":"https:\/\/www.egemtv.com\/index.php?rest_route=%2Fwp%2Fv2%2Fcategories&post=41460"},{"taxonomy":"post_tag","embeddable":true,"href":"https:\/\/www.egemtv.com\/index.php?rest_route=%2Fwp%2Fv2%2Ftags&post=41460"}],"curies":[{"name":"wp","href":"https:\/\/api.w.org\/{rel}","templated":true}]}}