{"id":41457,"date":"2025-07-11T19:17:36","date_gmt":"2025-07-11T16:17:36","guid":{"rendered":"https:\/\/www.egemtv.com\/?p=41457"},"modified":"2025-07-11T19:17:40","modified_gmt":"2025-07-11T16:17:40","slug":"kibris-gazisi-manisada-torenle-topraga-verildi","status":"publish","type":"post","link":"https:\/\/www.egemtv.com\/?p=41457","title":{"rendered":"K\u0131br\u0131s gazisi Manisa\u2019da t\u00f6renle topra\u011fa verildi"},"content":{"rendered":"<p>Manisa\u2019n\u0131n Demirci il\u00e7esinde 72 ya\u015f\u0131nda hayat\u0131n\u0131 kaybeden K\u0131br\u0131s gazisi Halil Fidan, d\u00fczenlenen askeri t\u00f6renle topra\u011fa verildi.<br \/>\n<br \/>Hayat\u0131n\u0131 kaybeden K\u0131br\u0131s gazisi Halil Fidan i\u00e7in Manisa\u2019n\u0131n Demirci il\u00e7esine ba\u011fl\u0131 Karaisalar Mahallesi\u2019nde cenaze t\u00f6reni d\u00fczenlendi. Fidan\u2019\u0131n T\u00fcrk bayra\u011f\u0131na sar\u0131l\u0131 naa\u015f\u0131, mahalle camisinde cuma namaz\u0131n\u0131 m\u00fcteakip k\u0131l\u0131nan cenaze namaz\u0131n\u0131n ard\u0131ndan askeri t\u00f6renle mahalle mezarl\u0131\u011f\u0131na defnedildi. Cenazeye Demirci Kaymakam\u0131 Fatih Bayram, Belediye Ba\u015fkan\u0131 Erkan Kara, Merkez Komutan\u0131 Hava Yarbay Bora Uzunlar, \u0130l\u00e7e Jandarma Komutan\u0131 \u00dcste\u011fmen U\u011furcan \u015eahin, Demirci Muharip Gaziler Derne\u011fi Ba\u015fkan\u0131 Kamil Aydemir, gaziler ve \u00e7ok say\u0131da seveni kat\u0131ld\u0131. Kaymakam Bayram ve Belediye Ba\u015fkan\u0131 Kara, Fidan\u2019\u0131n ailesi ve yak\u0131nlar\u0131na ba\u015fsa\u011fl\u0131\u011f\u0131 diledi.<br \/>\n<br \/>Demirci Muharip Gaziler Derne\u011fi Ba\u015fkan\u0131 Kamil Aydemir, &#8220;Gazimiz Halil Fidan\u2019\u0131 hakka yolcu ettik. \u00dczg\u00fcn\u00fcz. \u015eu anda derne\u011fimize kay\u0131tl\u0131 15 K\u0131br\u0131s gazimiz hayatta&#8221; dedi.<br \/><\/p>\n","protected":false},"excerpt":{"rendered":"<p>Manisa\u2019n\u0131n Demirci il\u00e7esinde 72 ya\u015f\u0131nda hayat\u0131n\u0131 kaybeden K\u0131br\u0131s gazisi Halil Fidan, d\u00fczenlenen askeri t\u00f6renle topra\u011fa verildi. Hayat\u0131n\u0131 kaybeden K\u0131br\u0131s gazisi Halil Fidan i\u00e7in Manisa\u2019n\u0131n Demirci il\u00e7esine ba\u011fl\u0131 Karaisalar Mahallesi\u2019nde cenaze t\u00f6reni d\u00fczenlendi. Fidan\u2019\u0131n T\u00fcrk bayra\u011f\u0131na sar\u0131l\u0131 naa\u015f\u0131, mahalle camisinde cuma namaz\u0131n\u0131 m\u00fcteakip k\u0131l\u0131nan cenaze namaz\u0131n\u0131n ard\u0131ndan askeri t\u00f6renle mahalle mezarl\u0131\u011f\u0131na defnedildi. Cenazeye Demirci Kaymakam\u0131 Fatih&#8230;<\/p>\n","protected":false},"author":1,"featured_media":41458,"comment_status":"open","ping_status":"open","sticky":false,"template":"","format":"standard","meta":{"_crdt_document":"","footnotes":""},"categories":[123],"tags":[],"class_list":["post-41457","post","type-post","status-publish","format-standard","has-post-thumbnail","hentry","category-gundem"],"_links":{"self":[{"href":"https:\/\/www.egemtv.com\/index.php?rest_route=\/wp\/v2\/posts\/41457","targetHints":{"allow":["GET"]}}],"collection":[{"href":"https:\/\/www.egemtv.com\/index.php?rest_route=\/wp\/v2\/posts"}],"about":[{"href":"https:\/\/www.egemtv.com\/index.php?rest_route=\/wp\/v2\/types\/post"}],"author":[{"embeddable":true,"href":"https:\/\/www.egemtv.com\/index.php?rest_route=\/wp\/v2\/users\/1"}],"replies":[{"embeddable":true,"href":"https:\/\/www.egemtv.com\/index.php?rest_route=%2Fwp%2Fv2%2Fcomments&post=41457"}],"version-history":[{"count":1,"href":"https:\/\/www.egemtv.com\/index.php?rest_route=\/wp\/v2\/posts\/41457\/revisions"}],"predecessor-version":[{"id":41459,"href":"https:\/\/www.egemtv.com\/index.php?rest_route=\/wp\/v2\/posts\/41457\/revisions\/41459"}],"wp:featuredmedia":[{"embeddable":true,"href":"https:\/\/www.egemtv.com\/index.php?rest_route=\/wp\/v2\/media\/41458"}],"wp:attachment":[{"href":"https:\/\/www.egemtv.com\/index.php?rest_route=%2Fwp%2Fv2%2Fmedia&parent=41457"}],"wp:term":[{"taxonomy":"category","embeddable":true,"href":"https:\/\/www.egemtv.com\/index.php?rest_route=%2Fwp%2Fv2%2Fcategories&post=41457"},{"taxonomy":"post_tag","embeddable":true,"href":"https:\/\/www.egemtv.com\/index.php?rest_route=%2Fwp%2Fv2%2Ftags&post=41457"}],"curies":[{"name":"wp","href":"https:\/\/api.w.org\/{rel}","templated":true}]}}