{"id":41454,"date":"2025-07-11T18:15:52","date_gmt":"2025-07-11T15:15:52","guid":{"rendered":"https:\/\/www.egemtv.com\/?p=41454"},"modified":"2025-07-11T18:15:57","modified_gmt":"2025-07-11T15:15:57","slug":"hobi-bahcesinde-cikan-yangin-8-donum-yulaf-tarlasini-kule-cevirdi","status":"publish","type":"post","link":"https:\/\/www.egemtv.com\/?p=41454","title":{"rendered":"Hobi bah\u00e7esinde \u00e7\u0131kan yang\u0131n 8 d\u00f6n\u00fcm yulaf tarlas\u0131n\u0131 k\u00fcle \u00e7evirdi"},"content":{"rendered":"<p>Isparta\u2019n\u0131n Yalva\u00e7 il\u00e7esinde bir hobi bah\u00e7esinde kuru otlardan yang\u0131n \u00e7\u0131kt\u0131. Alevlerin s\u0131\u00e7rad\u0131\u011f\u0131 8,3 d\u00f6n\u00fcml\u00fck yulaf ekili tarla k\u00fcle d\u00f6nd\u00fc.<br \/>\n<br \/>Yang\u0131n, saat 13.30 s\u0131ralar\u0131nda Yalva\u00e7 il\u00e7esine ba\u011fl\u0131 Hisarard\u0131 k\u00f6y\u00fc Ulu \u00c7ay mevkiinde meydana geldi. Edinilen bilgilere g\u00f6re, hobi bah\u00e7esinde hen\u00fcz bilinmeyen bir nedenle kuru otlar\u0131n tutu\u015fmas\u0131 ile \u00e7\u0131kan yang\u0131n k\u0131sa s\u00fcrede bah\u00e7enin biti\u015fi\u011findeki hasad\u0131 yap\u0131lmam\u0131\u015f yulaf tarlas\u0131na s\u0131\u00e7rad\u0131. Yang\u0131n\u0131 fark eden tarla sahibi, kendi imkanlar\u0131yla su tankeriyle alevlere m\u00fcdahale etmeye \u00e7al\u0131\u015ft\u0131. Ancak alevler r\u00fczgar\u0131n etkisiyle b\u00fcy\u00fcyerek \u00e7evredeki meyve bah\u00e7elerine kadar yay\u0131ld\u0131. \u0130hbar \u00fczerine olay yerine sevk edilen Yalva\u00e7 Belediyesi\u2019ne ait 2 itfaiye tankeriyle yang\u0131n kontrol alt\u0131na al\u0131nd\u0131. Ekipler, ard\u0131ndan so\u011futma \u00e7al\u0131\u015fmas\u0131 ger\u00e7ekle\u015ftirdi. Hobi bah\u00e7esindeki so\u011futma \u00e7al\u0131\u015fmalar\u0131 ise, tarlas\u0131 yanan \u00e7ift\u00e7i taraf\u0131ndan kendi su tankeriyle yap\u0131ld\u0131.<br \/>\n<br \/>Yang\u0131nda 8.3 d\u00f6n\u00fcm yulaf ekili tarla k\u00fcle d\u00f6nerken, jandarma ekipleri olayla ilgili inceleme ba\u015flatt\u0131.<br \/><\/p>\n","protected":false},"excerpt":{"rendered":"<p>Isparta\u2019n\u0131n Yalva\u00e7 il\u00e7esinde bir hobi bah\u00e7esinde kuru otlardan yang\u0131n \u00e7\u0131kt\u0131. Alevlerin s\u0131\u00e7rad\u0131\u011f\u0131 8,3 d\u00f6n\u00fcml\u00fck yulaf ekili tarla k\u00fcle d\u00f6nd\u00fc. Yang\u0131n, saat 13.30 s\u0131ralar\u0131nda Yalva\u00e7 il\u00e7esine ba\u011fl\u0131 Hisarard\u0131 k\u00f6y\u00fc Ulu \u00c7ay mevkiinde meydana geldi. Edinilen bilgilere g\u00f6re, hobi bah\u00e7esinde hen\u00fcz bilinmeyen bir nedenle kuru otlar\u0131n tutu\u015fmas\u0131 ile \u00e7\u0131kan yang\u0131n k\u0131sa s\u00fcrede bah\u00e7enin biti\u015fi\u011findeki hasad\u0131 yap\u0131lmam\u0131\u015f yulaf&#8230;<\/p>\n","protected":false},"author":1,"featured_media":41455,"comment_status":"open","ping_status":"open","sticky":false,"template":"","format":"standard","meta":{"_crdt_document":"","footnotes":""},"categories":[5],"tags":[],"class_list":["post-41454","post","type-post","status-publish","format-standard","has-post-thumbnail","hentry","category-asayis"],"_links":{"self":[{"href":"https:\/\/www.egemtv.com\/index.php?rest_route=\/wp\/v2\/posts\/41454","targetHints":{"allow":["GET"]}}],"collection":[{"href":"https:\/\/www.egemtv.com\/index.php?rest_route=\/wp\/v2\/posts"}],"about":[{"href":"https:\/\/www.egemtv.com\/index.php?rest_route=\/wp\/v2\/types\/post"}],"author":[{"embeddable":true,"href":"https:\/\/www.egemtv.com\/index.php?rest_route=\/wp\/v2\/users\/1"}],"replies":[{"embeddable":true,"href":"https:\/\/www.egemtv.com\/index.php?rest_route=%2Fwp%2Fv2%2Fcomments&post=41454"}],"version-history":[{"count":1,"href":"https:\/\/www.egemtv.com\/index.php?rest_route=\/wp\/v2\/posts\/41454\/revisions"}],"predecessor-version":[{"id":41456,"href":"https:\/\/www.egemtv.com\/index.php?rest_route=\/wp\/v2\/posts\/41454\/revisions\/41456"}],"wp:featuredmedia":[{"embeddable":true,"href":"https:\/\/www.egemtv.com\/index.php?rest_route=\/wp\/v2\/media\/41455"}],"wp:attachment":[{"href":"https:\/\/www.egemtv.com\/index.php?rest_route=%2Fwp%2Fv2%2Fmedia&parent=41454"}],"wp:term":[{"taxonomy":"category","embeddable":true,"href":"https:\/\/www.egemtv.com\/index.php?rest_route=%2Fwp%2Fv2%2Fcategories&post=41454"},{"taxonomy":"post_tag","embeddable":true,"href":"https:\/\/www.egemtv.com\/index.php?rest_route=%2Fwp%2Fv2%2Ftags&post=41454"}],"curies":[{"name":"wp","href":"https:\/\/api.w.org\/{rel}","templated":true}]}}