{"id":41450,"date":"2025-07-11T17:58:33","date_gmt":"2025-07-11T14:58:33","guid":{"rendered":"https:\/\/www.egemtv.com\/?p=41450"},"modified":"2025-07-11T17:58:38","modified_gmt":"2025-07-11T14:58:38","slug":"ispartada-1-kisinin-oldugu-9-kisinin-yaralandigi-kazanin-detaylari-ortaya-cikti-2","status":"publish","type":"post","link":"https:\/\/www.egemtv.com\/?p=41450","title":{"rendered":"Isparta\u2019da 1 ki\u015finin \u00f6ld\u00fc\u011f\u00fc, 9 ki\u015finin yaraland\u0131\u011f\u0131 kazan\u0131n detaylar\u0131 ortaya \u00e7\u0131kt\u0131"},"content":{"rendered":"<p>Isparta\u2019n\u0131n E\u011firdir il\u00e7esinde iki otomobilin kafa kafaya \u00e7arp\u0131\u015fmas\u0131 sonucu meydana gelen trafik kazas\u0131nda 1 ki\u015fi hayat\u0131n\u0131 kaybetti, 9 ki\u015fi de yaraland\u0131. Kazaya kar\u0131\u015fan ara\u00e7lardan birinde CHP Adana \u0130l Ba\u015fkan Yard\u0131mc\u0131s\u0131 Mehmet \u00c7etin ve ailesinin bulundu\u011fu \u00f6\u011frenildi.<br \/>\n<br \/>Kaza, E\u011firdir il\u00e7esi Sorkuncak mevkiinde meydana geldi. Edinilen bilgilere g\u00f6re, Mehmet \u00c7etin (55) idaresindeki 01 ATG 940 plakal\u0131 Volkswagen marka otomobil ile Ali Y. y\u00f6netimindeki 32 AE 444 plakal\u0131 Skoda marka otomobil kafa kafaya \u00e7arp\u0131\u015ft\u0131. Kazada Volkswagen arac\u0131n s\u00fcr\u00fcc\u00fcs\u00fc Mehmet \u00c7etin ile ayn\u0131 ara\u00e7ta bulunan Song\u00fcl \u00c7. (55) ve Ay\u00e7a \u00c7., Skoda s\u00fcr\u00fcc\u00fcs\u00fc Ali Y. ile ayn\u0131 ara\u00e7ta bulunan Ne\u015fe K. (36), Mevl\u00fct K. (35), \u00d6mer K. (11), Ramazan K. (7), Muhammer K. (14) ve Raziye Kura (54) yaraland\u0131. \u0130hbar \u00fczerine olay yerine \u00e7ok say\u0131da sa\u011fl\u0131k, polis, jandarma ve itfaiye ekibi sevk edildi. Sa\u011fl\u0131k ekiplerinin olay yerinde yapt\u0131\u011f\u0131 ilk incelemede a\u011f\u0131r yaralanan Raziye Kura\u2019n\u0131n hayat\u0131n\u0131 kaybetti\u011fi belirlendi. Di\u011fer yaral\u0131lar ise ambulanslarla \u00e7evre hastanelere kald\u0131r\u0131larak tedavi alt\u0131na al\u0131nd\u0131.<br \/>\n<br \/>Kazaya kar\u0131\u015fan ara\u00e7lardan birinde CHP Adana \u0130l Ba\u015fkan Yard\u0131mc\u0131s\u0131 Mehmet \u00c7etin ve ailesinin bulundu\u011fu ve kazada yaraland\u0131klar\u0131 \u00f6\u011frenildi. Olayla ilgili soru\u015fturma ba\u015flat\u0131ld\u0131.<br \/><\/p>\n","protected":false},"excerpt":{"rendered":"<p>Isparta\u2019n\u0131n E\u011firdir il\u00e7esinde iki otomobilin kafa kafaya \u00e7arp\u0131\u015fmas\u0131 sonucu meydana gelen trafik kazas\u0131nda 1 ki\u015fi hayat\u0131n\u0131 kaybetti, 9 ki\u015fi de yaraland\u0131. Kazaya kar\u0131\u015fan ara\u00e7lardan birinde CHP Adana \u0130l Ba\u015fkan Yard\u0131mc\u0131s\u0131 Mehmet \u00c7etin ve ailesinin bulundu\u011fu \u00f6\u011frenildi. Kaza, E\u011firdir il\u00e7esi Sorkuncak mevkiinde meydana geldi. Edinilen bilgilere g\u00f6re, Mehmet \u00c7etin (55) idaresindeki 01 ATG 940 plakal\u0131 Volkswagen&#8230;<\/p>\n","protected":false},"author":1,"featured_media":41451,"comment_status":"open","ping_status":"open","sticky":false,"template":"","format":"standard","meta":{"_crdt_document":"","footnotes":""},"categories":[5],"tags":[],"class_list":["post-41450","post","type-post","status-publish","format-standard","has-post-thumbnail","hentry","category-asayis"],"_links":{"self":[{"href":"https:\/\/www.egemtv.com\/index.php?rest_route=\/wp\/v2\/posts\/41450","targetHints":{"allow":["GET"]}}],"collection":[{"href":"https:\/\/www.egemtv.com\/index.php?rest_route=\/wp\/v2\/posts"}],"about":[{"href":"https:\/\/www.egemtv.com\/index.php?rest_route=\/wp\/v2\/types\/post"}],"author":[{"embeddable":true,"href":"https:\/\/www.egemtv.com\/index.php?rest_route=\/wp\/v2\/users\/1"}],"replies":[{"embeddable":true,"href":"https:\/\/www.egemtv.com\/index.php?rest_route=%2Fwp%2Fv2%2Fcomments&post=41450"}],"version-history":[{"count":1,"href":"https:\/\/www.egemtv.com\/index.php?rest_route=\/wp\/v2\/posts\/41450\/revisions"}],"predecessor-version":[{"id":41453,"href":"https:\/\/www.egemtv.com\/index.php?rest_route=\/wp\/v2\/posts\/41450\/revisions\/41453"}],"wp:featuredmedia":[{"embeddable":true,"href":"https:\/\/www.egemtv.com\/index.php?rest_route=\/wp\/v2\/media\/41451"}],"wp:attachment":[{"href":"https:\/\/www.egemtv.com\/index.php?rest_route=%2Fwp%2Fv2%2Fmedia&parent=41450"}],"wp:term":[{"taxonomy":"category","embeddable":true,"href":"https:\/\/www.egemtv.com\/index.php?rest_route=%2Fwp%2Fv2%2Fcategories&post=41450"},{"taxonomy":"post_tag","embeddable":true,"href":"https:\/\/www.egemtv.com\/index.php?rest_route=%2Fwp%2Fv2%2Ftags&post=41450"}],"curies":[{"name":"wp","href":"https:\/\/api.w.org\/{rel}","templated":true}]}}