{"id":41439,"date":"2025-07-11T17:15:34","date_gmt":"2025-07-11T14:15:34","guid":{"rendered":"https:\/\/www.egemtv.com\/?p=41439"},"modified":"2025-07-11T17:15:38","modified_gmt":"2025-07-11T14:15:38","slug":"tahtali-barajinda-urkuten-manzara-su-cekildi-geriye-balcik-kaldi","status":"publish","type":"post","link":"https:\/\/www.egemtv.com\/?p=41439","title":{"rendered":"Tahtal\u0131 Baraj\u0131\u2019nda \u00fcrk\u00fcten manzara; su \u00e7ekildi geriye bal\u00e7\u0131k kald\u0131"},"content":{"rendered":"<p>\u0130zmir\u2019in i\u00e7me suyu ihtiyac\u0131n\u0131n neredeyse yar\u0131s\u0131n\u0131 kar\u015f\u0131layan Tahtal\u0131 Baraj\u0131\u2019nda su seviyesi d\u00fc\u015fmeye devam ediyor. Kurakl\u0131k sebebiyle doluluk oran\u0131n\u0131n y\u00fczde 10,6\u2019ya kadar geriledi\u011fi barajda \u00fcrk\u00fcten bir tablo ortaya \u00e7\u0131karken, yetkililer suyun tasarruflu kullan\u0131lmas\u0131 \u00e7a\u011fr\u0131s\u0131nda bulunuyor.<br \/>\n<br \/>\u0130klim de\u011fi\u015fikli\u011fi, k\u00fcresel \u0131s\u0131nma ve yetersiz ya\u011f\u0131\u015flar gibi olumsuzluklar do\u011fal kaynaklar\u0131 eritmeye devam ediyor. Hayati \u00f6nemdeki su kaynaklar\u0131 her ge\u00e7en y\u0131l daha da azal\u0131yor. Ge\u00e7en y\u0131l\u0131n Temmuz ay\u0131na g\u00f6re bu sene \u0130zmir barajlar\u0131ndaki su doluluk oranlar\u0131 ciddi oranda geriledi. \u0130zmir\u2019in ana su kayna\u011f\u0131 Tahtal\u0131 Baraj\u0131\u2019nda ge\u00e7en y\u0131l bu aylarda su seviyesi y\u00fczde 25 iken, bug\u00fcnk\u00fc \u00f6l\u00e7\u00fcmlere g\u00f6re y\u00fczde 10,6\u2019ya d\u00fc\u015ft\u00fc. \u0130zmir\u2019in yakla\u015f\u0131k 2 ayl\u0131k i\u00e7me suyunun kald\u0131\u011f\u0131 ifade ediliyor.<br \/>\n<br \/>Su seviyesi d\u00fc\u015fen barajda doluyken sular\u0131n alt\u0131nda kalan cami, minare, k\u00f6pr\u00fc ve eski Burgurca k\u00f6y\u00fc evlerinin kal\u0131nt\u0131lar\u0131 ortaya \u00e7\u0131kt\u0131.<\/p>\n<p>\u00c7e\u015fme\u2019nin de i\u00e7me suyu tehlikede<br \/>\n<br \/>Ege\u2019nin g\u00f6zde turizm kenti \u00c7e\u015fme\u2019de durum daha ciddi boyutlara ula\u015ft\u0131. \u0130l\u00e7enin i\u00e7me suyu ihtiyac\u0131n\u0131 kar\u015f\u0131layan Kutlu Akta\u015f Baraj\u0131\u2019nda su seviyesi ge\u00e7en sene Temmuz\u2019da y\u00fczde 27 iken bug\u00fcn y\u00fczde 6,6\u2019ya kadar geriledi. \u00dc\u00e7 haftal\u0131k suyu kalan \u00c7e\u015fme\u2019de, susuz yaz tehlikesine kar\u015f\u0131 belediye taraf\u0131ndan al\u0131nan baz\u0131 tasarruf tedbirleri uygulanmaya devam ediyor.<br \/>\n<br \/>Di\u011fer taraftan Bal\u00e7ova Baraj\u0131nda doluluk oran\u0131 y\u00fczde 58\u2019den 39\u2019a, G\u00fczelhisar Baraj\u0131\u2019nda y\u00fczde 78\u2019den 60\u2019a, \u00dcrkmez Baraj\u0131\u2019nda ise y\u00fczde 33\u2019ten y\u00fczde 16\u2019ya kadar geriledi.<br \/>\n<br \/>Edinilen bilgiye g\u00f6re, kentin su ihtiyac\u0131n\u0131n yakla\u015f\u0131k y\u00fczde 55\u2019i yer alt\u0131, y\u00fczde 45\u2019i ise y\u00fczeydeki su kaynaklar\u0131ndan sa\u011flan\u0131yor. Var olan su kuyular\u0131nda kullan\u0131m artarken, yeni kuyular a\u00e7\u0131lmas\u0131 i\u00e7in de \u00e7al\u0131\u015fmalar s\u00fcr\u00fcyor. \u0130zmir kent merkezinde 93 kuyudan su temin edilirken, \u00e7e\u015fitli nedenlerle kullan\u0131lmayanlar\u0131n yerine ise 20 yeni kuyu a\u00e7ma \u00e7al\u0131\u015fmalar\u0131 devam ediyor.<br \/><\/p>\n","protected":false},"excerpt":{"rendered":"<p>\u0130zmir\u2019in i\u00e7me suyu ihtiyac\u0131n\u0131n neredeyse yar\u0131s\u0131n\u0131 kar\u015f\u0131layan Tahtal\u0131 Baraj\u0131\u2019nda su seviyesi d\u00fc\u015fmeye devam ediyor. Kurakl\u0131k sebebiyle doluluk oran\u0131n\u0131n y\u00fczde 10,6\u2019ya kadar geriledi\u011fi barajda \u00fcrk\u00fcten bir tablo ortaya \u00e7\u0131karken, yetkililer suyun tasarruflu kullan\u0131lmas\u0131 \u00e7a\u011fr\u0131s\u0131nda bulunuyor. \u0130klim de\u011fi\u015fikli\u011fi, k\u00fcresel \u0131s\u0131nma ve yetersiz ya\u011f\u0131\u015flar gibi olumsuzluklar do\u011fal kaynaklar\u0131 eritmeye devam ediyor. Hayati \u00f6nemdeki su kaynaklar\u0131 her ge\u00e7en y\u0131l&#8230;<\/p>\n","protected":false},"author":1,"featured_media":41440,"comment_status":"open","ping_status":"open","sticky":false,"template":"","format":"standard","meta":{"_crdt_document":"","footnotes":""},"categories":[1],"tags":[],"class_list":["post-41439","post","type-post","status-publish","format-standard","has-post-thumbnail","hentry","category-guncel"],"_links":{"self":[{"href":"https:\/\/www.egemtv.com\/index.php?rest_route=\/wp\/v2\/posts\/41439","targetHints":{"allow":["GET"]}}],"collection":[{"href":"https:\/\/www.egemtv.com\/index.php?rest_route=\/wp\/v2\/posts"}],"about":[{"href":"https:\/\/www.egemtv.com\/index.php?rest_route=\/wp\/v2\/types\/post"}],"author":[{"embeddable":true,"href":"https:\/\/www.egemtv.com\/index.php?rest_route=\/wp\/v2\/users\/1"}],"replies":[{"embeddable":true,"href":"https:\/\/www.egemtv.com\/index.php?rest_route=%2Fwp%2Fv2%2Fcomments&post=41439"}],"version-history":[{"count":1,"href":"https:\/\/www.egemtv.com\/index.php?rest_route=\/wp\/v2\/posts\/41439\/revisions"}],"predecessor-version":[{"id":41441,"href":"https:\/\/www.egemtv.com\/index.php?rest_route=\/wp\/v2\/posts\/41439\/revisions\/41441"}],"wp:featuredmedia":[{"embeddable":true,"href":"https:\/\/www.egemtv.com\/index.php?rest_route=\/wp\/v2\/media\/41440"}],"wp:attachment":[{"href":"https:\/\/www.egemtv.com\/index.php?rest_route=%2Fwp%2Fv2%2Fmedia&parent=41439"}],"wp:term":[{"taxonomy":"category","embeddable":true,"href":"https:\/\/www.egemtv.com\/index.php?rest_route=%2Fwp%2Fv2%2Fcategories&post=41439"},{"taxonomy":"post_tag","embeddable":true,"href":"https:\/\/www.egemtv.com\/index.php?rest_route=%2Fwp%2Fv2%2Ftags&post=41439"}],"curies":[{"name":"wp","href":"https:\/\/api.w.org\/{rel}","templated":true}]}}