{"id":41436,"date":"2025-07-11T16:37:00","date_gmt":"2025-07-11T13:37:00","guid":{"rendered":"https:\/\/www.egemtv.com\/?p=41436"},"modified":"2025-07-11T16:37:06","modified_gmt":"2025-07-11T13:37:06","slug":"kadin-istihdamina-katki-saglayan-egitimde-teorik-asama-tamamlandi","status":"publish","type":"post","link":"https:\/\/www.egemtv.com\/?p=41436","title":{"rendered":"Kad\u0131n istihdam\u0131na katk\u0131 sa\u011flayan e\u011fitimde teorik a\u015fama tamamland\u0131"},"content":{"rendered":"<p>Ayd\u0131n\u2019da kad\u0131n istihdam\u0131na katk\u0131 sa\u011flamas\u0131 hedefiyle y\u00fcr\u00fct\u00fclen F\u0131r\u0131n ve Unlu Mamuller \u00dcretimi E\u011fitimi\u2019nin teorik a\u015famas\u0131 tamamlan\u0131rken, ba\u015far\u0131l\u0131 olan kad\u0131n kat\u0131l\u0131mc\u0131lara mesleki yeterlilik belgesi verilecek.<\/p>\n<p>Ayd\u0131n Ticaret Odas\u0131 (AYTO) ile G\u00fcney Ege Kalk\u0131nma Ajans\u0131 (GEKA) i\u015f birli\u011finde kad\u0131n istihdam\u0131n\u0131 art\u0131rmak amac\u0131yla ba\u015flat\u0131lan &#8220;F\u0131r\u0131n ve Unlu Mamuller \u00dcretimi E\u011fitimi&#8221; kapsam\u0131nda teorik e\u011fitimler tamamland\u0131. Toplam 8 g\u00fcn s\u00fcren teorik e\u011fitim s\u00fcrecinde 15 kad\u0131n kat\u0131l\u0131mc\u0131, f\u0131r\u0131nc\u0131l\u0131k ve unlu mamul \u00fcretimi alan\u0131nda temel bilgi ve becerileri \u00f6\u011frendi. Teorik e\u011fitimlerin ard\u0131ndan uygulamal\u0131 a\u015famaya ge\u00e7ilecek olan e\u011fitimlerle kat\u0131l\u0131mc\u0131lar\u0131n sahada deneyim kazanmalar\u0131 da hedefleniyor. Ayr\u0131ca program sonunda ba\u015far\u0131l\u0131 olan kat\u0131l\u0131mc\u0131lara &#8220;F\u0131r\u0131n ve Unlu Mamuller \u00dcretim Operat\u00f6r\u00fc Mesleki Yeterlilik Belgesi&#8221; verilecek.<\/p>\n<p>E\u011fitimler ile ilgili a\u00e7\u0131klama yapan Ayd\u0131n Ticaret Odas\u0131 Genel Sekreteri \u0130lknur Kahraman; &#8220;Kad\u0131nlar\u0131n i\u015f g\u00fcc\u00fcne kat\u0131l\u0131m\u0131n\u0131 destekleyen her \u00e7al\u0131\u015fmay\u0131 \u00e7ok k\u0131ymetli buluyoruz. Bu e\u011fitimle birlikte kad\u0131nlar\u0131n hem mesleki yeterlilik kazanmalar\u0131n\u0131 hem de istihdamda daha g\u00fc\u00e7l\u00fc bir \u015fekilde yer almalar\u0131n\u0131 hedefledik. Oda olarak bu t\u00fcr i\u015f birliklerini s\u00fcrd\u00fcrmeye devam edece\u011fiz&#8221; diyerek, kad\u0131nlar\u0131n \u00fcretime kat\u0131l\u0131m\u0131n\u0131 art\u0131ran ve yerel kalk\u0131nmaya katk\u0131 sa\u011flayan projelerin, b\u00f6lgede istihdam imkanlar\u0131n\u0131 geni\u015fletmenin yan\u0131 s\u0131ra mesleki geli\u015fime de \u00f6nemli katk\u0131lar sundu\u011funu vurgulad\u0131.<br \/><\/p>\n","protected":false},"excerpt":{"rendered":"<p>Ayd\u0131n\u2019da kad\u0131n istihdam\u0131na katk\u0131 sa\u011flamas\u0131 hedefiyle y\u00fcr\u00fct\u00fclen F\u0131r\u0131n ve Unlu Mamuller \u00dcretimi E\u011fitimi\u2019nin teorik a\u015famas\u0131 tamamlan\u0131rken, ba\u015far\u0131l\u0131 olan kad\u0131n kat\u0131l\u0131mc\u0131lara mesleki yeterlilik belgesi verilecek. Ayd\u0131n Ticaret Odas\u0131 (AYTO) ile G\u00fcney Ege Kalk\u0131nma Ajans\u0131 (GEKA) i\u015f birli\u011finde kad\u0131n istihdam\u0131n\u0131 art\u0131rmak amac\u0131yla ba\u015flat\u0131lan &#8220;F\u0131r\u0131n ve Unlu Mamuller \u00dcretimi E\u011fitimi&#8221; kapsam\u0131nda teorik e\u011fitimler tamamland\u0131. Toplam 8 g\u00fcn s\u00fcren&#8230;<\/p>\n","protected":false},"author":1,"featured_media":41437,"comment_status":"open","ping_status":"open","sticky":false,"template":"","format":"standard","meta":{"_crdt_document":"","footnotes":""},"categories":[1],"tags":[],"class_list":["post-41436","post","type-post","status-publish","format-standard","has-post-thumbnail","hentry","category-guncel"],"_links":{"self":[{"href":"https:\/\/www.egemtv.com\/index.php?rest_route=\/wp\/v2\/posts\/41436","targetHints":{"allow":["GET"]}}],"collection":[{"href":"https:\/\/www.egemtv.com\/index.php?rest_route=\/wp\/v2\/posts"}],"about":[{"href":"https:\/\/www.egemtv.com\/index.php?rest_route=\/wp\/v2\/types\/post"}],"author":[{"embeddable":true,"href":"https:\/\/www.egemtv.com\/index.php?rest_route=\/wp\/v2\/users\/1"}],"replies":[{"embeddable":true,"href":"https:\/\/www.egemtv.com\/index.php?rest_route=%2Fwp%2Fv2%2Fcomments&post=41436"}],"version-history":[{"count":1,"href":"https:\/\/www.egemtv.com\/index.php?rest_route=\/wp\/v2\/posts\/41436\/revisions"}],"predecessor-version":[{"id":41438,"href":"https:\/\/www.egemtv.com\/index.php?rest_route=\/wp\/v2\/posts\/41436\/revisions\/41438"}],"wp:featuredmedia":[{"embeddable":true,"href":"https:\/\/www.egemtv.com\/index.php?rest_route=\/wp\/v2\/media\/41437"}],"wp:attachment":[{"href":"https:\/\/www.egemtv.com\/index.php?rest_route=%2Fwp%2Fv2%2Fmedia&parent=41436"}],"wp:term":[{"taxonomy":"category","embeddable":true,"href":"https:\/\/www.egemtv.com\/index.php?rest_route=%2Fwp%2Fv2%2Fcategories&post=41436"},{"taxonomy":"post_tag","embeddable":true,"href":"https:\/\/www.egemtv.com\/index.php?rest_route=%2Fwp%2Fv2%2Ftags&post=41436"}],"curies":[{"name":"wp","href":"https:\/\/api.w.org\/{rel}","templated":true}]}}