{"id":41433,"date":"2025-07-11T16:36:54","date_gmt":"2025-07-11T13:36:54","guid":{"rendered":"https:\/\/www.egemtv.com\/?p=41433"},"modified":"2025-07-11T16:37:00","modified_gmt":"2025-07-11T13:37:00","slug":"chpli-baskanlardan-ak-partili-baskan-arslana-tebrik-ziyareti","status":"publish","type":"post","link":"https:\/\/www.egemtv.com\/?p=41433","title":{"rendered":"CHP\u2019li ba\u015fkanlardan AK Partili Ba\u015fkan Arslan\u2019a tebrik ziyareti"},"content":{"rendered":"<p>DEN\u0130ZL\u0130 (\u0130HA) \u2013 Denizli\u2019de g\u00f6rev yapan be\u015f CHP\u2019li belediye Ba\u015fkan\u0131, &#8220;Cittaslow (Sakin \u015eehir)&#8221; unvan\u0131n\u0131 hak eden AK Partili \u00c7ameli Belediye Ba\u015fkan\u0131 Cengiz Arslan\u2019\u0131 tebrik etti.<\/p>\n<p>Denizli\u2019nin do\u011fa turizmiyle \u00fcnl\u00fc il\u00e7esi \u00c7ameli\u2019nin &#8220;Cittaslow (Sakin \u015eehir)&#8221; unvan\u0131n\u0131 almas\u0131n\u0131n ard\u0131ndan, \u00e7evre il\u00e7elerin CHP\u2019li belediye ba\u015fkanlar\u0131, AK Partili Belediye Ba\u015fkan\u0131 Cengiz Arslan\u2019a tebrik ziyaretinde bulundu.<br \/>\n<br \/>Ziyarete Ac\u0131payam Belediye Ba\u015fkan\u0131 Levent Y\u0131ld\u0131r\u0131m, G\u00fcney Belediye Ba\u015fkan\u0131 Mehmet Ali Erayd\u0131n, Buldan Belediye Ba\u015fkan\u0131 Mehmet Ali Orpak, Bozkurt Belediye Ba\u015fkan\u0131 Birsen \u00c7elik ve Serinhisar Belediye Ba\u015fkan\u0131 Osman K\u0131l\u0131\u00e7 kat\u0131ld\u0131.<\/p>\n<p>\u00c7ameli\u2019nin ba\u015far\u0131s\u0131n\u0131 takdirle kar\u015f\u0131layan CHP\u2019li belediye ba\u015fkanlar\u0131, Cittaslow s\u00fcreci hakk\u0131nda Belediye Ba\u015fkan\u0131 Cengiz Arslan\u2019dan bilgi alarak, s\u00fcre\u00e7 \u00fczerine g\u00f6r\u00fc\u015f al\u0131\u015fveri\u015finde bulundu. Ba\u015fkan Arslan, ziyaretleri i\u00e7in CHP\u2019li t\u00fcm belediye ba\u015fkanlar\u0131na te\u015fekk\u00fcr etti.<br \/><\/p>\n","protected":false},"excerpt":{"rendered":"<p>DEN\u0130ZL\u0130 (\u0130HA) \u2013 Denizli\u2019de g\u00f6rev yapan be\u015f CHP\u2019li belediye Ba\u015fkan\u0131, &#8220;Cittaslow (Sakin \u015eehir)&#8221; unvan\u0131n\u0131 hak eden AK Partili \u00c7ameli Belediye Ba\u015fkan\u0131 Cengiz Arslan\u2019\u0131 tebrik etti. Denizli\u2019nin do\u011fa turizmiyle \u00fcnl\u00fc il\u00e7esi \u00c7ameli\u2019nin &#8220;Cittaslow (Sakin \u015eehir)&#8221; unvan\u0131n\u0131 almas\u0131n\u0131n ard\u0131ndan, \u00e7evre il\u00e7elerin CHP\u2019li belediye ba\u015fkanlar\u0131, AK Partili Belediye Ba\u015fkan\u0131 Cengiz Arslan\u2019a tebrik ziyaretinde bulundu. Ziyarete Ac\u0131payam Belediye Ba\u015fkan\u0131&#8230;<\/p>\n","protected":false},"author":1,"featured_media":41434,"comment_status":"open","ping_status":"open","sticky":false,"template":"","format":"standard","meta":{"_crdt_document":"","footnotes":""},"categories":[127],"tags":[],"class_list":["post-41433","post","type-post","status-publish","format-standard","has-post-thumbnail","hentry","category-siyaset"],"_links":{"self":[{"href":"https:\/\/www.egemtv.com\/index.php?rest_route=\/wp\/v2\/posts\/41433","targetHints":{"allow":["GET"]}}],"collection":[{"href":"https:\/\/www.egemtv.com\/index.php?rest_route=\/wp\/v2\/posts"}],"about":[{"href":"https:\/\/www.egemtv.com\/index.php?rest_route=\/wp\/v2\/types\/post"}],"author":[{"embeddable":true,"href":"https:\/\/www.egemtv.com\/index.php?rest_route=\/wp\/v2\/users\/1"}],"replies":[{"embeddable":true,"href":"https:\/\/www.egemtv.com\/index.php?rest_route=%2Fwp%2Fv2%2Fcomments&post=41433"}],"version-history":[{"count":1,"href":"https:\/\/www.egemtv.com\/index.php?rest_route=\/wp\/v2\/posts\/41433\/revisions"}],"predecessor-version":[{"id":41435,"href":"https:\/\/www.egemtv.com\/index.php?rest_route=\/wp\/v2\/posts\/41433\/revisions\/41435"}],"wp:featuredmedia":[{"embeddable":true,"href":"https:\/\/www.egemtv.com\/index.php?rest_route=\/wp\/v2\/media\/41434"}],"wp:attachment":[{"href":"https:\/\/www.egemtv.com\/index.php?rest_route=%2Fwp%2Fv2%2Fmedia&parent=41433"}],"wp:term":[{"taxonomy":"category","embeddable":true,"href":"https:\/\/www.egemtv.com\/index.php?rest_route=%2Fwp%2Fv2%2Fcategories&post=41433"},{"taxonomy":"post_tag","embeddable":true,"href":"https:\/\/www.egemtv.com\/index.php?rest_route=%2Fwp%2Fv2%2Ftags&post=41433"}],"curies":[{"name":"wp","href":"https:\/\/api.w.org\/{rel}","templated":true}]}}