{"id":41430,"date":"2025-07-11T16:36:48","date_gmt":"2025-07-11T13:36:48","guid":{"rendered":"https:\/\/www.egemtv.com\/?p=41430"},"modified":"2025-07-11T16:36:54","modified_gmt":"2025-07-11T13:36:54","slug":"8-kisinin-oldugu-kazayla-ilgili-davada-karar-cikti","status":"publish","type":"post","link":"https:\/\/www.egemtv.com\/?p=41430","title":{"rendered":"8 ki\u015finin \u00f6ld\u00fc\u011f\u00fc kazayla ilgili davada karar \u00e7\u0131kt\u0131"},"content":{"rendered":"<p>Afyonkarahisar\u2019da 2023 Temmuz ay\u0131nda biri \u00e7ocuk 8 ki\u015finin \u00f6ld\u00fc\u011f\u00fc, 12 ki\u015finin yaraland\u0131\u011f\u0131 trafik kazas\u0131yla ilgili davada minib\u00fcs \u015fof\u00f6r\u00fc 16 y\u0131l 1 ay ceza ald\u0131. Mahkemeye heyeti san\u0131\u011f\u0131n tutuklulu\u011funun devam\u0131na karar verdi.<br \/>\n<br \/>Kaza, \u00c7ay il\u00e7esi \u00e7\u0131k\u0131\u015f\u0131nda ge\u00e7ti\u011fimiz 22 Temmuz 2023\u2019te meydana geldi. Berat K. (19) idaresindeki 03 M 5906 plakal\u0131 servis minib\u00fcs\u00fc, s\u00fcr\u00fcc\u00fcs\u00fcn\u00fcn direksiyon h\u00e2kimiyetini kaybetmesi sonucu kontrolden \u00e7\u0131kt\u0131. Ara\u00e7 yol kenar\u0131ndaki \u015farampole d\u00fc\u015f\u00fcp, ard\u0131ndan a\u011fa\u00e7lara \u00e7arparak devrildi. Kazada, \u00e7al\u0131\u015ft\u0131klar\u0131 kiraz bah\u00e7esinden d\u00f6nen tar\u0131m i\u015f\u00e7ileri Salih Akku\u015f, \u00dcnal Can Akku\u015f, G\u00fcll\u00fczar Balamut, Menek\u015fe Cing\u00f6z, Neriman Turguteli, Huriye K\u00f6ker, Perihan Bayar ve Aysun \u00c7etin hayat\u0131n\u0131 kaybederken 12 ki\u015fi de yaraland\u0131.<br \/>\n<br \/>Kazan\u0131n ard\u0131ndan Bolvadin Cumhuriyet Ba\u015fsavc\u0131l\u0131\u011f\u0131 taraf\u0131ndan a\u00e7\u0131lan soru\u015fturma \u00e7er\u00e7evesinde haz\u0131rlanan iddianame, Bolvadin A\u011f\u0131r Ceza Mahkemesince kabul edildi. Yakla\u015f\u0131k 2 y\u0131l s\u00fcren davada bug\u00fcn karar duru\u015fmas\u0131 g\u00f6r\u00fcld\u00fc.<\/p>\n<p>16 y\u0131l hapis cezas\u0131<br \/>\n<br \/>Duru\u015fmaya, kazada hayat\u0131n\u0131 kaybeden ve yaralananlar\u0131n yak\u0131nlar\u0131 ile avukatlar\u0131, san\u0131k Berat K. ve avukat\u0131 kat\u0131ld\u0131. Duru\u015fmada son s\u00f6zleri sorulan Berat K., \u00f6nceki ifadelerini tekrar ederek, tahliyesini, e\u011fer tahliyesi m\u00fcmk\u00fcn de\u011filse de en alt s\u0131n\u0131rdan cezaland\u0131r\u0131lmas\u0131n\u0131 talep etti. Bunun \u00fczerine mahkeme heyeti k\u0131sa bir ara verdikten sonra karar\u0131n\u0131 a\u00e7\u0131klad\u0131.<br \/>\n<br \/>Mahkeme heyeti, san\u0131k Berat K. hakk\u0131nda, birden fazla ki\u015finin taksirle \u00f6l\u00fcm\u00fcne sebep olmaktan 18 y\u0131l hapis cezas\u0131 verdi. San\u0131\u011fa iyi hal indirimi uygulayan mahkeme heyeti, cezay\u0131 16 y\u0131l 1 aya d\u00fc\u015f\u00fcrerek tutuklulu\u011fun devam\u0131na karar verdi.<\/p>\n<p>&#8220;Karar\u0131 \u00fcst mahkemeye ta\u015f\u0131yaca\u011f\u0131z&#8221;<br \/>\n<br \/>Duru\u015fma sonras\u0131 gazetecilere a\u00e7\u0131klamalarda bulunan olayda hayat\u0131n\u0131 kaybeden G\u00fcll\u00fczar Balamut\u2019un o\u011flu Fatih Balamut, cezay\u0131 yetersiz bulduklar\u0131n\u0131 bu y\u00fczden karar\u0131 bir \u00fcst mahkemeye ta\u015f\u0131yacaklar\u0131n\u0131 ifade etti. Balamut, &#8220;San\u0131\u011fa biraz iyi hal indirimi uyguland\u0131. 16 y\u0131l 1 ay hapis cezas\u0131 onayland\u0131. Tutukluluk hali devam edecek. \u0130n\u015fallah adalet tecelli etmi\u015ftir. Karar daha yeni verildi. Ara\u015ft\u0131raca\u011f\u0131z, san\u0131\u011f\u0131n daha \u00e7ok ceza almas\u0131 i\u00e7in karar\u0131 bir \u00fcst mahkemeye ta\u015f\u0131yaca\u011f\u0131z&#8221; dedi.<br \/><\/p>\n","protected":false},"excerpt":{"rendered":"<p>Afyonkarahisar\u2019da 2023 Temmuz ay\u0131nda biri \u00e7ocuk 8 ki\u015finin \u00f6ld\u00fc\u011f\u00fc, 12 ki\u015finin yaraland\u0131\u011f\u0131 trafik kazas\u0131yla ilgili davada minib\u00fcs \u015fof\u00f6r\u00fc 16 y\u0131l 1 ay ceza ald\u0131. Mahkemeye heyeti san\u0131\u011f\u0131n tutuklulu\u011funun devam\u0131na karar verdi. Kaza, \u00c7ay il\u00e7esi \u00e7\u0131k\u0131\u015f\u0131nda ge\u00e7ti\u011fimiz 22 Temmuz 2023\u2019te meydana geldi. Berat K. (19) idaresindeki 03 M 5906 plakal\u0131 servis minib\u00fcs\u00fc, s\u00fcr\u00fcc\u00fcs\u00fcn\u00fcn direksiyon h\u00e2kimiyetini kaybetmesi&#8230;<\/p>\n","protected":false},"author":1,"featured_media":41431,"comment_status":"open","ping_status":"open","sticky":false,"template":"","format":"standard","meta":{"_crdt_document":"","footnotes":""},"categories":[5],"tags":[],"class_list":["post-41430","post","type-post","status-publish","format-standard","has-post-thumbnail","hentry","category-asayis"],"_links":{"self":[{"href":"https:\/\/www.egemtv.com\/index.php?rest_route=\/wp\/v2\/posts\/41430","targetHints":{"allow":["GET"]}}],"collection":[{"href":"https:\/\/www.egemtv.com\/index.php?rest_route=\/wp\/v2\/posts"}],"about":[{"href":"https:\/\/www.egemtv.com\/index.php?rest_route=\/wp\/v2\/types\/post"}],"author":[{"embeddable":true,"href":"https:\/\/www.egemtv.com\/index.php?rest_route=\/wp\/v2\/users\/1"}],"replies":[{"embeddable":true,"href":"https:\/\/www.egemtv.com\/index.php?rest_route=%2Fwp%2Fv2%2Fcomments&post=41430"}],"version-history":[{"count":1,"href":"https:\/\/www.egemtv.com\/index.php?rest_route=\/wp\/v2\/posts\/41430\/revisions"}],"predecessor-version":[{"id":41432,"href":"https:\/\/www.egemtv.com\/index.php?rest_route=\/wp\/v2\/posts\/41430\/revisions\/41432"}],"wp:featuredmedia":[{"embeddable":true,"href":"https:\/\/www.egemtv.com\/index.php?rest_route=\/wp\/v2\/media\/41431"}],"wp:attachment":[{"href":"https:\/\/www.egemtv.com\/index.php?rest_route=%2Fwp%2Fv2%2Fmedia&parent=41430"}],"wp:term":[{"taxonomy":"category","embeddable":true,"href":"https:\/\/www.egemtv.com\/index.php?rest_route=%2Fwp%2Fv2%2Fcategories&post=41430"},{"taxonomy":"post_tag","embeddable":true,"href":"https:\/\/www.egemtv.com\/index.php?rest_route=%2Fwp%2Fv2%2Ftags&post=41430"}],"curies":[{"name":"wp","href":"https:\/\/api.w.org\/{rel}","templated":true}]}}