{"id":41367,"date":"2025-07-11T12:56:35","date_gmt":"2025-07-11T09:56:35","guid":{"rendered":"https:\/\/www.egemtv.com\/?p=41367"},"modified":"2025-07-11T12:56:40","modified_gmt":"2025-07-11T09:56:40","slug":"bornova-halk-egitim-merkezinde-pasta-atolyesi-bulusmasi","status":"publish","type":"post","link":"https:\/\/www.egemtv.com\/?p=41367","title":{"rendered":"Bornova Halk E\u011fitim Merkezi\u2019nde pasta at\u00f6lyesi bulu\u015fmas\u0131"},"content":{"rendered":"<p>2025 y\u0131l\u0131n\u0131n &#8220;Aile Y\u0131l\u0131&#8221; olarak ilan edilmesiyle birlikte, aile kurumunun g\u00fc\u00e7lendirilmesi ve toplumsal dayan\u0131\u015fman\u0131n art\u0131r\u0131lmas\u0131na y\u00f6nelik yurt genelinde \u00e7e\u015fitli etkinlikler d\u00fczenlenirken, Bornova Halk E\u011fitim Merkezi\u2019de de &#8220;Pasta Yap\u0131m\u0131 At\u00f6lyesi&#8221; etkinli\u011fi ger\u00e7ekle\u015ftirildi.<br \/>\n<br \/>Bornova Halk E\u011fitim Merkezi\u2019nin mutfak s\u0131n\u0131f\u0131nda ger\u00e7ekle\u015ftirilen etkinlikte, engelli kursiyerler ve aileleri bir araya geldi. Etkinli\u011fe ayr\u0131ca t\u00fcm vatanda\u015flar da davet edilerek, kapsay\u0131c\u0131 bir sosyal birliktelik sa\u011fland\u0131. Kat\u0131l\u0131mc\u0131lar birlikte pasta yaparken hem keyifli vakit ge\u00e7irdiler hem de aile i\u00e7i ba\u011flar\u0131 g\u00fc\u00e7lendirecek anlaml\u0131 bir deneyim ya\u015fad\u0131lar. \u00d6zellikle engelli bireylerin aileleriyle birlikte ortak bir \u00fcretim s\u00fcrecinde yer almas\u0131, hem sosyal uyumu art\u0131rd\u0131 hem de kapsay\u0131c\u0131 toplum anlay\u0131\u015f\u0131n\u0131 destekledi.<br \/>\n<br \/>Bornova Halk E\u011fitim Merkezi M\u00fcd\u00fcr\u00fc Yeliz \u00dcnal, etkinlikle ilgili yapt\u0131\u011f\u0131 a\u00e7\u0131klamada \u015funlar\u0131 ifade etti: &#8220;2025 Aile Y\u0131l\u0131 vizyonu do\u011frultusunda, aile de\u011ferlerini peki\u015ftirecek, birlikte \u00fcretme ve payla\u015fma k\u00fclt\u00fcr\u00fcn\u00fc destekleyecek sosyal faaliyetleri yayg\u0131nla\u015ft\u0131rmay\u0131 \u00f6nemsiyoruz. Bug\u00fcnk\u00fc etkinlikte hem engelli kursiyerlerimizin hem de ailelerinin y\u00fcz\u00fcndeki tebess\u00fcm, bu hedefin ne kadar do\u011fru ve k\u0131ymetli oldu\u011funu bizlere bir kez daha g\u00f6sterdi.&#8221;<br \/><\/p>\n","protected":false},"excerpt":{"rendered":"<p>2025 y\u0131l\u0131n\u0131n &#8220;Aile Y\u0131l\u0131&#8221; olarak ilan edilmesiyle birlikte, aile kurumunun g\u00fc\u00e7lendirilmesi ve toplumsal dayan\u0131\u015fman\u0131n art\u0131r\u0131lmas\u0131na y\u00f6nelik yurt genelinde \u00e7e\u015fitli etkinlikler d\u00fczenlenirken, Bornova Halk E\u011fitim Merkezi\u2019de de &#8220;Pasta Yap\u0131m\u0131 At\u00f6lyesi&#8221; etkinli\u011fi ger\u00e7ekle\u015ftirildi. Bornova Halk E\u011fitim Merkezi\u2019nin mutfak s\u0131n\u0131f\u0131nda ger\u00e7ekle\u015ftirilen etkinlikte, engelli kursiyerler ve aileleri bir araya geldi. Etkinli\u011fe ayr\u0131ca t\u00fcm vatanda\u015flar da davet edilerek, kapsay\u0131c\u0131 bir&#8230;<\/p>\n","protected":false},"author":1,"featured_media":41368,"comment_status":"open","ping_status":"open","sticky":false,"template":"","format":"standard","meta":{"_crdt_document":"","footnotes":""},"categories":[1],"tags":[],"class_list":["post-41367","post","type-post","status-publish","format-standard","has-post-thumbnail","hentry","category-guncel"],"_links":{"self":[{"href":"https:\/\/www.egemtv.com\/index.php?rest_route=\/wp\/v2\/posts\/41367","targetHints":{"allow":["GET"]}}],"collection":[{"href":"https:\/\/www.egemtv.com\/index.php?rest_route=\/wp\/v2\/posts"}],"about":[{"href":"https:\/\/www.egemtv.com\/index.php?rest_route=\/wp\/v2\/types\/post"}],"author":[{"embeddable":true,"href":"https:\/\/www.egemtv.com\/index.php?rest_route=\/wp\/v2\/users\/1"}],"replies":[{"embeddable":true,"href":"https:\/\/www.egemtv.com\/index.php?rest_route=%2Fwp%2Fv2%2Fcomments&post=41367"}],"version-history":[{"count":1,"href":"https:\/\/www.egemtv.com\/index.php?rest_route=\/wp\/v2\/posts\/41367\/revisions"}],"predecessor-version":[{"id":41369,"href":"https:\/\/www.egemtv.com\/index.php?rest_route=\/wp\/v2\/posts\/41367\/revisions\/41369"}],"wp:featuredmedia":[{"embeddable":true,"href":"https:\/\/www.egemtv.com\/index.php?rest_route=\/wp\/v2\/media\/41368"}],"wp:attachment":[{"href":"https:\/\/www.egemtv.com\/index.php?rest_route=%2Fwp%2Fv2%2Fmedia&parent=41367"}],"wp:term":[{"taxonomy":"category","embeddable":true,"href":"https:\/\/www.egemtv.com\/index.php?rest_route=%2Fwp%2Fv2%2Fcategories&post=41367"},{"taxonomy":"post_tag","embeddable":true,"href":"https:\/\/www.egemtv.com\/index.php?rest_route=%2Fwp%2Fv2%2Ftags&post=41367"}],"curies":[{"name":"wp","href":"https:\/\/api.w.org\/{rel}","templated":true}]}}