{"id":41364,"date":"2025-07-11T12:56:31","date_gmt":"2025-07-11T09:56:31","guid":{"rendered":"https:\/\/www.egemtv.com\/?p=41364"},"modified":"2025-07-11T12:56:35","modified_gmt":"2025-07-11T09:56:35","slug":"buyuksehirin-sokede-yol-calismalari-suruyor","status":"publish","type":"post","link":"https:\/\/www.egemtv.com\/?p=41364","title":{"rendered":"B\u00fcy\u00fck\u015fehir\u2019in S\u00f6ke\u2019de yol \u00e7al\u0131\u015fmalar\u0131 s\u00fcr\u00fcyor"},"content":{"rendered":"<p>Ayd\u0131n B\u00fcy\u00fck\u015fehir Belediyesi, kent genelinde e\u015f zamanl\u0131 olarak s\u00fcrd\u00fcr\u00fclen yol yap\u0131m ve yenileme \u00e7al\u0131\u015fmalar\u0131na devam ediyor.<br \/>\n<br \/>Fen \u0130\u015fleri Dairesi Ba\u015fkanl\u0131\u011f\u0131 Yol Yap\u0131m ve Bak\u0131m \u015eube M\u00fcd\u00fcrl\u00fc\u011f\u00fc ekipleri, S\u00f6ke il\u00e7esi Y\u00fcksel Yalova Caddesi\u2019nde s\u0131cak asfalt serim \u00e7al\u0131\u015fmalar\u0131na devam ediyor. Asfalt seriminin ard\u0131ndan kald\u0131r\u0131m ve orta ref\u00fcj yap\u0131m\u0131 ile yol \u00e7izgisi ve logo \u00e7al\u0131\u015fmalar\u0131 da yap\u0131lacak olan cadde, daha konforlu ve g\u00fcvenli haliyle il\u00e7e halk\u0131n\u0131n kullan\u0131m\u0131na sunulacak.<br \/>\n<br \/>Yol yap\u0131m ve yenileme \u00e7al\u0131\u015fmalar\u0131n\u0131n kent genelinde s\u00fcrd\u00fcr\u00fclece\u011fini belirten Ayd\u0131n B\u00fcy\u00fck\u015fehir Belediye Ba\u015fkan\u0131 \u00d6zlem \u00c7er\u00e7io\u011flu, &#8220;Hem\u015fehrilerimizin en iyisine lay\u0131k oldu\u011funu bilerek \u00e7al\u0131\u015fmalar\u0131m\u0131z\u0131 aral\u0131ks\u0131z s\u00fcrd\u00fcr\u00fcyoruz. Vatanda\u015flar\u0131m\u0131zdan ald\u0131\u011f\u0131m\u0131z destekle Ayd\u0131n\u2019\u0131 hizmetlerimizle bulu\u015fturuyor, yat\u0131r\u0131mlar\u0131m\u0131z\u0131 tek tek hayata ge\u00e7iriyoruz. G\u00fczel kentimiz i\u00e7in \u00e7al\u0131\u015fmaya devam edece\u011fiz&#8221; ifadelerini kulland\u0131.<br \/>\n<br \/>Vatanda\u015flar, hizmetlerinden dolay\u0131 Ba\u015fkan \u00c7er\u00e7io\u011flu\u2019na te\u015fekk\u00fcr etti.<br \/><\/p>\n","protected":false},"excerpt":{"rendered":"<p>Ayd\u0131n B\u00fcy\u00fck\u015fehir Belediyesi, kent genelinde e\u015f zamanl\u0131 olarak s\u00fcrd\u00fcr\u00fclen yol yap\u0131m ve yenileme \u00e7al\u0131\u015fmalar\u0131na devam ediyor. Fen \u0130\u015fleri Dairesi Ba\u015fkanl\u0131\u011f\u0131 Yol Yap\u0131m ve Bak\u0131m \u015eube M\u00fcd\u00fcrl\u00fc\u011f\u00fc ekipleri, S\u00f6ke il\u00e7esi Y\u00fcksel Yalova Caddesi\u2019nde s\u0131cak asfalt serim \u00e7al\u0131\u015fmalar\u0131na devam ediyor. Asfalt seriminin ard\u0131ndan kald\u0131r\u0131m ve orta ref\u00fcj yap\u0131m\u0131 ile yol \u00e7izgisi ve logo \u00e7al\u0131\u015fmalar\u0131 da yap\u0131lacak olan&#8230;<\/p>\n","protected":false},"author":1,"featured_media":41365,"comment_status":"open","ping_status":"open","sticky":false,"template":"","format":"standard","meta":{"_crdt_document":"","footnotes":""},"categories":[1],"tags":[],"class_list":["post-41364","post","type-post","status-publish","format-standard","has-post-thumbnail","hentry","category-guncel"],"_links":{"self":[{"href":"https:\/\/www.egemtv.com\/index.php?rest_route=\/wp\/v2\/posts\/41364","targetHints":{"allow":["GET"]}}],"collection":[{"href":"https:\/\/www.egemtv.com\/index.php?rest_route=\/wp\/v2\/posts"}],"about":[{"href":"https:\/\/www.egemtv.com\/index.php?rest_route=\/wp\/v2\/types\/post"}],"author":[{"embeddable":true,"href":"https:\/\/www.egemtv.com\/index.php?rest_route=\/wp\/v2\/users\/1"}],"replies":[{"embeddable":true,"href":"https:\/\/www.egemtv.com\/index.php?rest_route=%2Fwp%2Fv2%2Fcomments&post=41364"}],"version-history":[{"count":1,"href":"https:\/\/www.egemtv.com\/index.php?rest_route=\/wp\/v2\/posts\/41364\/revisions"}],"predecessor-version":[{"id":41366,"href":"https:\/\/www.egemtv.com\/index.php?rest_route=\/wp\/v2\/posts\/41364\/revisions\/41366"}],"wp:featuredmedia":[{"embeddable":true,"href":"https:\/\/www.egemtv.com\/index.php?rest_route=\/wp\/v2\/media\/41365"}],"wp:attachment":[{"href":"https:\/\/www.egemtv.com\/index.php?rest_route=%2Fwp%2Fv2%2Fmedia&parent=41364"}],"wp:term":[{"taxonomy":"category","embeddable":true,"href":"https:\/\/www.egemtv.com\/index.php?rest_route=%2Fwp%2Fv2%2Fcategories&post=41364"},{"taxonomy":"post_tag","embeddable":true,"href":"https:\/\/www.egemtv.com\/index.php?rest_route=%2Fwp%2Fv2%2Ftags&post=41364"}],"curies":[{"name":"wp","href":"https:\/\/api.w.org\/{rel}","templated":true}]}}