{"id":41361,"date":"2025-07-11T12:36:07","date_gmt":"2025-07-11T09:36:07","guid":{"rendered":"https:\/\/www.egemtv.com\/?p=41361"},"modified":"2025-07-11T12:36:11","modified_gmt":"2025-07-11T09:36:11","slug":"baskan-saygili-meclis-grubumuz-belediyeyi-defalarca-uyardi","status":"publish","type":"post","link":"https:\/\/www.egemtv.com\/?p=41361","title":{"rendered":"Ba\u015fkan Sayg\u0131l\u0131: \u2019\u2019Meclis grubumuz, belediyeyi defalarca uyard\u0131\u2019\u2019"},"content":{"rendered":"<p>AK Parti \u0130zmir \u0130l Ba\u015fkan\u0131 Bilal Sayg\u0131l\u0131, \u0130zmir B\u00fcy\u00fck\u015fehir Belediyesi\u2019nde kooperatif soru\u015fturmas\u0131na y\u00f6nelik, belediye meclisinde AK Parti grubunun defalarca ikazda bulundu\u011funu belirterek, \u2018\u2019Ger\u00e7ekler ortadayken, s\u00fcreci \u2019siyasi\u2019 diye nitelendirmek, 3 bin ma\u011fdur vatanda\u015f\u0131m\u0131z\u0131n hakk\u0131n\u0131 savunmak yerine onlar\u0131 g\u00f6rmezden gelmek demektir. Bu ma\u011fdur edilen insanlar\u0131n nas\u0131l korunaca\u011f\u0131n\u0131 ve paralar\u0131n\u0131n nas\u0131l kurtar\u0131laca\u011f\u0131n\u0131 konu\u015fmaktan \u00e7ok uzakt\u0131r\u2019\u2019 dedi.<br \/>\n<br \/>AK Parti \u0130zmir \u0130l Ba\u015fkan\u0131 Bilal Sayg\u0131l\u0131, \u0130zmir B\u00fcy\u00fck\u015fehir Belediyesi\u2019nde kooperatiflere y\u00f6nelik yap\u0131lan soru\u015fturmaya y\u00f6nelik de\u011ferlendirmede bulundu. Ba\u015fkan Sayg\u0131l\u0131; \u2018\u2019Kamuoyunda eksik ve yanl\u0131\u015f aktar\u0131lan pek \u00e7ok konuyu a\u00e7\u0131kl\u0131\u011fa kavu\u015fturmak istiyoruz. \u0130lk g\u00fcnden itibaren \u0130zmir B\u00fcy\u00fck\u015fehir Belediyesi\u2019nin \u2018kooperatif modeli\u2019 ad\u0131 alt\u0131nda hukuksuz ba\u015flat\u0131lan ve devam edilen kentsel d\u00f6n\u00fc\u015f\u00fcm modelinin sonu\u00e7lar\u0131n\u0131 ba\u015fta CHP Genel Ba\u015fkan\u0131 Say\u0131n \u00d6zg\u00fcr \u00d6zel de dahil CHP\u2019li siyasilerin y\u00fcr\u00fct\u00fclen soru\u015fturmay\u0131 \u2019siyasi\u2019 olarak nitelendirmesi en kolay yoludur.<\/p>\n<p>Peki ger\u00e7ek nedir<br \/>\n<br \/>\u0130zmir\u2019imizin yap\u0131 sto\u011funun \u00e7ok eski oldu\u011fu, 30 Ekim 2020 depreminde 117 can\u0131m\u0131z\u0131 yitirdi\u011fimiz hepimizin malumu. Deprem sonras\u0131 \u0130zmir B\u00fcy\u00fck\u015fehir Belediyesi, kentsel d\u00f6n\u00fc\u015f\u00fcmde h\u0131zlanmak istediklerini; vatanda\u015flarla anla\u015ft\u0131klar\u0131 ve tapular\u0131 in\u015faat yapma s\u00f6z\u00fcyle ald\u0131klar\u0131n\u0131 belirtti. Biz de AK Parti grubu olarak, \u0130zmir\u2019de 6 b\u00f6lgede y\u0131llard\u0131r bekleyen d\u00f6n\u00fc\u015f\u00fcm\u00fcn \u00f6n\u00fcn\u00fc a\u00e7mak amac\u0131yla oy birli\u011fiyle yetkiyi \u0130ZBETON\u2019a verdik.<br \/>\n<br \/>\u0130ZBETON, belediye meclisinden oy birli\u011fiyle ald\u0131\u011f\u0131 yetkiyi usuls\u00fcz bi\u00e7imde kooperatiflere devretmeye ba\u015flad\u0131. B\u00fcy\u00fck alg\u0131 kampanyalar\u0131, a\u00e7\u0131l\u0131\u015f t\u00f6renleri, \u0130zmir\u2019in de\u011ferli i\u015f insanlar\u0131n\u0131n davet edildi\u011fi lansmanlarla belediyenin kurumsal kimli\u011fi kullan\u0131larak \u00fcye topland\u0131. O d\u00f6nemde biz, yap\u0131lan i\u015flemlerin meclisten verilen yetkiye uygun olmad\u0131\u011f\u0131n\u0131 a\u00e7\u0131k\u00e7a dile getirdik; s\u00fcreci ba\u015f\u0131ndan beri dikkatle ve belgeleriyle takip ettik.<br \/>\n<br \/>Ara\u015ft\u0131rmalar\u0131m\u0131zda, kurulan kooperatiflerin hep ayn\u0131 adreslerden, ayn\u0131 isimler \u00fczerinden y\u00f6netildi\u011fini ortaya \u00e7\u0131kard\u0131k. Kooperatiflerin &#8211; yetkileri olmad\u0131\u011f\u0131 halde &#8211; \u0130ZBETON onay\u0131yla in\u015faat yap\u0131m i\u015flerini yine ayn\u0131 adreslerde kurulan \u015firketlere devretti\u011fini belgeledik.<br \/>\n<br \/>Mecliste, ba\u015fta d\u00f6nemin Belediye Ba\u015fkan\u0131 Tun\u00e7 Soyer olmak \u00fczere t\u00fcm CHP\u2019li meclis \u00fcyelerini ve belediye y\u00f6netimini defalarca uyard\u0131k. Toplanan paralar\u0131n avans yoluyla kooperatif hesaplar\u0131ndan \u00e7ekildi\u011fini, ciddi ma\u011fduriyetler olu\u015faca\u011f\u0131n\u0131 anlatt\u0131k. Belediyenin kurumsal kimli\u011fi \u00fczerinden bir \u2018\u2019soygun\u2019\u2019 yap\u0131ld\u0131\u011f\u0131n\u0131 a\u00e7\u0131k\u00e7a ifade ettik.<br \/>\n<br \/>Ancak bize Tun\u00e7 Soyer ba\u015fta olmak \u00fczere \u2019siyasi alg\u0131 pe\u015findesiniz\u2019, \u2019kentsel d\u00f6n\u00fc\u015f\u00fcm\u00fc engelliyorsunuz\u2019, \u2019\u00f6rnek kooperatif modelini karal\u0131yorsunuz\u2019 dediler. Bu konu\u015fmalar meclis tutanaklar\u0131nda ve \u0130zmir kamuoyunun g\u00f6z\u00fc \u00f6n\u00fcnde duruyor.<br \/>\n<br \/>&#8211; AK Parti meclis grubumuz, t\u00fcm samimiyetiyle belediyeyi defalarca uyard\u0131. Tun\u00e7 Soyer ve ekibi ise hatay\u0131 durdurmak yerine, uyaran Kentsel D\u00f6n\u00fc\u015f\u00fcm Daire Ba\u015fkanl\u0131\u011f\u0131n\u0131 kapatt\u0131!<br \/>\n<br \/>Bug\u00fcn geldi\u011fimiz noktada tablo \u00e7ok net:<br \/>\n<br \/>Bin 500 kooperatif \u00fcyesi ortalama 2 milyon TL \u00f6deyerek \u00fcye oldu\u011funu s\u00f6yl\u00fcyor, buna g\u00f6re yakla\u015f\u0131k 3 milyar TL topland\u0131.<br \/>\n<br \/>Tapular\u0131n\u0131 belediyeye devreden 1450 hak sahibi h\u00e2l\u00e2 evlerine kavu\u015famad\u0131.<br \/>\n<br \/>Yap\u0131lan in\u015faatlar\u0131n ortalama ilerleme oran\u0131 y\u00fczde 20\u2019nin bile alt\u0131nda.<br \/>\n<br \/>Harcanan yakla\u015f\u0131k 1 milyar TL var; ama a\u00e7\u0131klanamayan 2 milyar TL nerede?<\/p>\n<p>Belediyemiz, k\u00f6t\u00fc y\u00f6netimin bedeli olarak ilave kira yard\u0131m\u0131 y\u00fck\u00fcyle de kar\u015f\u0131 kar\u015f\u0131ya. Bu kadar a\u00e7\u0131k ger\u00e7ekler ortadayken, s\u00fcreci \u2019siyasi\u2019 diye nitelendirmek; 3 bin ma\u011fdur vatanda\u015f\u0131m\u0131z\u0131n hakk\u0131n\u0131 savunmak yerine onlar\u0131 g\u00f6rmezden gelmek demektir. Bu; ma\u011fdur edilen insanlar\u0131n nas\u0131l korunaca\u011f\u0131n\u0131 ve paralar\u0131n\u0131n nas\u0131l kurtar\u0131laca\u011f\u0131n\u0131 konu\u015fmaktan \u00e7ok uzakt\u0131r.\u2019\u2019 dedi.<\/p>\n<p>&#8220;CHP Genel Ba\u015fkan\u0131n\u0131n yapt\u0131\u011f\u0131 her i\u015f, s\u00f6yledi\u011fi her s\u00f6z beyhudedir&#8221;<br \/>\n<br \/>Ba\u015fkan Sayg\u0131l\u0131, \u0130zmir B\u00fcy\u00fck\u015fehir Belediye Ba\u015fkan\u0131 Cemil Tugay\u2019a, \u0130ZBETON y\u00f6netimine ve \u0130zmir B\u00fcy\u00fck\u015fehir Belediyesi yetkililerine \u015fu sorular\u0131 y\u00f6neltti: &#8220;Toplanan yakla\u015f\u0131k 3 milyar TL kar\u015f\u0131l\u0131\u011f\u0131nda ger\u00e7ekte ne kadar i\u015f yap\u0131lm\u0131\u015ft\u0131r? \u015eu an t\u00fcm kooperatiflerin in\u015faat seviyeleri toplamda ka\u00e7t\u0131r? Bu sistematik yanl\u0131\u015flar y\u00fcz\u00fcnden belediyemizin ayl\u0131k yapt\u0131\u011f\u0131 kira yard\u0131m\u0131 tutar\u0131 nedir? Belediye\u2019ye inanarak arsalar\u0131n\u0131 devreden 1450 hak sahibinin evlerini teslim alabilmesi i\u00e7in belediyenin bundan sonra ne kadar kaynak ay\u0131rmas\u0131 gerekiyor? Say\u0131n Cemil Tugay ve \u0130ZBETON y\u00f6netimi mecliste, \u2019S\u00fcreci detayl\u0131 inceliyoruz, i\u00e7 m\u00fcfetti\u015flerimiz inceliyor\u2019 demi\u015flerdi. Bug\u00fcn y\u00fcr\u00fcyen bu soru\u015fturma o incelemenin sonucu mudur? Belediyenin kurumsal kimli\u011fine g\u00fcvenerek kooperatif \u00fcyesi olan ve milyonlarca TL \u00f6deyen vatanda\u015flar\u0131m\u0131z evlerine kavu\u015fabilecek mi? Bu paralar ne olacak? T\u00fcm bu s\u00fcrecin \u0130zmir B\u00fcy\u00fck\u015fehir Belediyesi\u2019ne ve dolay\u0131s\u0131yla \u0130zmir halk\u0131na toplam maliyeti ne kadar olacak?<br \/>\n<br \/>Bu sorular cevaps\u0131z kald\u0131k\u00e7a, \u0130zmir\u2019de ger\u00e7ek ma\u011fduriyetlerin \u00fczeri \u00f6rt\u00fclmeye, siyasi s\u00f6ylemlerle hakikat perdelemeye devam edilecektir. Ma\u011fdur olan CHP\u2019li, ma\u011fdur eden CHP\u2019li, \u015fikayet\u00e7i olan CHP\u2019li, yarg\u0131lanan CHP\u2019li ama operasyonlar siyasi ve AK Parti men\u015feli \u00f6yle mi? CHP ve onun rotas\u0131n\u0131 \u015fa\u015f\u0131ran Genel Ba\u015fkan\u0131 \u00e7uvala s\u0131\u011fd\u0131ramad\u0131klar\u0131 m\u0131zra\u011f\u0131 elinde kal\u0131nca ne yapaca\u011f\u0131n\u0131 \u015fa\u015f\u0131rm\u0131\u015f, sa\u011fa sola sald\u0131rmaktad\u0131r. CHP bu utanc\u0131, bu aln\u0131 kara kadrolar\u0131 partisinden ve T\u00fcrkiye siyasi tarihinden temizlemedik\u00e7e CHP Genel Ba\u015fkan\u0131n\u0131n yapt\u0131\u011f\u0131 her i\u015f, s\u00f6yledi\u011fi her s\u00f6z beyhudedir.\u2019\u2019<br \/><\/p>\n","protected":false},"excerpt":{"rendered":"<p>AK Parti \u0130zmir \u0130l Ba\u015fkan\u0131 Bilal Sayg\u0131l\u0131, \u0130zmir B\u00fcy\u00fck\u015fehir Belediyesi\u2019nde kooperatif soru\u015fturmas\u0131na y\u00f6nelik, belediye meclisinde AK Parti grubunun defalarca ikazda bulundu\u011funu belirterek, \u2018\u2019Ger\u00e7ekler ortadayken, s\u00fcreci \u2019siyasi\u2019 diye nitelendirmek, 3 bin ma\u011fdur vatanda\u015f\u0131m\u0131z\u0131n hakk\u0131n\u0131 savunmak yerine onlar\u0131 g\u00f6rmezden gelmek demektir. Bu ma\u011fdur edilen insanlar\u0131n nas\u0131l korunaca\u011f\u0131n\u0131 ve paralar\u0131n\u0131n nas\u0131l kurtar\u0131laca\u011f\u0131n\u0131 konu\u015fmaktan \u00e7ok uzakt\u0131r\u2019\u2019 dedi. AK Parti&#8230;<\/p>\n","protected":false},"author":1,"featured_media":41362,"comment_status":"open","ping_status":"open","sticky":false,"template":"","format":"standard","meta":{"_crdt_document":"","footnotes":""},"categories":[127],"tags":[],"class_list":["post-41361","post","type-post","status-publish","format-standard","has-post-thumbnail","hentry","category-siyaset"],"_links":{"self":[{"href":"https:\/\/www.egemtv.com\/index.php?rest_route=\/wp\/v2\/posts\/41361","targetHints":{"allow":["GET"]}}],"collection":[{"href":"https:\/\/www.egemtv.com\/index.php?rest_route=\/wp\/v2\/posts"}],"about":[{"href":"https:\/\/www.egemtv.com\/index.php?rest_route=\/wp\/v2\/types\/post"}],"author":[{"embeddable":true,"href":"https:\/\/www.egemtv.com\/index.php?rest_route=\/wp\/v2\/users\/1"}],"replies":[{"embeddable":true,"href":"https:\/\/www.egemtv.com\/index.php?rest_route=%2Fwp%2Fv2%2Fcomments&post=41361"}],"version-history":[{"count":1,"href":"https:\/\/www.egemtv.com\/index.php?rest_route=\/wp\/v2\/posts\/41361\/revisions"}],"predecessor-version":[{"id":41363,"href":"https:\/\/www.egemtv.com\/index.php?rest_route=\/wp\/v2\/posts\/41361\/revisions\/41363"}],"wp:featuredmedia":[{"embeddable":true,"href":"https:\/\/www.egemtv.com\/index.php?rest_route=\/wp\/v2\/media\/41362"}],"wp:attachment":[{"href":"https:\/\/www.egemtv.com\/index.php?rest_route=%2Fwp%2Fv2%2Fmedia&parent=41361"}],"wp:term":[{"taxonomy":"category","embeddable":true,"href":"https:\/\/www.egemtv.com\/index.php?rest_route=%2Fwp%2Fv2%2Fcategories&post=41361"},{"taxonomy":"post_tag","embeddable":true,"href":"https:\/\/www.egemtv.com\/index.php?rest_route=%2Fwp%2Fv2%2Ftags&post=41361"}],"curies":[{"name":"wp","href":"https:\/\/api.w.org\/{rel}","templated":true}]}}