{"id":41358,"date":"2025-07-11T12:35:57","date_gmt":"2025-07-11T09:35:57","guid":{"rendered":"https:\/\/www.egemtv.com\/?p=41358"},"modified":"2025-07-11T12:36:06","modified_gmt":"2025-07-11T09:36:06","slug":"izmir-polisinden-arka-arkaya-zehir-avi","status":"publish","type":"post","link":"https:\/\/www.egemtv.com\/?p=41358","title":{"rendered":"\u0130zmir polisinden arka arkaya zehir av\u0131"},"content":{"rendered":"<p>\u0130zmir\u2019de narkotik ekipleri pe\u015f pe\u015fe iki ba\u015far\u0131l\u0131 operasyon ger\u00e7ekle\u015ftirdi.<br \/>\n<br \/>Narkotik Su\u00e7larla M\u00fccadele \u015eube M\u00fcd\u00fcrl\u00fc\u011f\u00fc ekipleri uyu\u015fturucu veya uyar\u0131c\u0131 madde ticareti yapan zehir tacirlerince kente y\u00fckl\u00fc miktarda uyu\u015fturucu getirilece\u011fi bilgisi \u00fczerine savc\u0131l\u0131k koordinesinde harekete ge\u00e7ti. Kemalpa\u015fa il\u00e7esinde durdurulan bir ara\u00e7ta yap\u0131lan aramada, 2 kilo 500 gram metamfetamin ele ge\u00e7irildi. G\u00f6zalt\u0131na al\u0131nan E.\u00c7. isimli \u015f\u00fcpheli, emniyetteki i\u015flemlerinin ard\u0131ndan adliyeye sevk edildi ve tutukland\u0131.<br \/>\n<br \/>Ayn\u0131 il\u00e7ede bir ba\u015fka ara\u00e7ta narkotik k\u00f6pe\u011fi \u2018Poine\u2019 ile yap\u0131lan aramada da 1 kilo 552 gram kokain ele ge\u00e7irildi. S.M. isimli \u015f\u00fcpheli, i\u015flemleri sonras\u0131 \u00e7\u0131kar\u0131ld\u0131\u011f\u0131 mahkemece tutukland\u0131.<br \/><\/p>\n","protected":false},"excerpt":{"rendered":"<p>\u0130zmir\u2019de narkotik ekipleri pe\u015f pe\u015fe iki ba\u015far\u0131l\u0131 operasyon ger\u00e7ekle\u015ftirdi. Narkotik Su\u00e7larla M\u00fccadele \u015eube M\u00fcd\u00fcrl\u00fc\u011f\u00fc ekipleri uyu\u015fturucu veya uyar\u0131c\u0131 madde ticareti yapan zehir tacirlerince kente y\u00fckl\u00fc miktarda uyu\u015fturucu getirilece\u011fi bilgisi \u00fczerine savc\u0131l\u0131k koordinesinde harekete ge\u00e7ti. Kemalpa\u015fa il\u00e7esinde durdurulan bir ara\u00e7ta yap\u0131lan aramada, 2 kilo 500 gram metamfetamin ele ge\u00e7irildi. G\u00f6zalt\u0131na al\u0131nan E.\u00c7. isimli \u015f\u00fcpheli, emniyetteki i\u015flemlerinin&#8230;<\/p>\n","protected":false},"author":1,"featured_media":41359,"comment_status":"open","ping_status":"open","sticky":false,"template":"","format":"standard","meta":{"_crdt_document":"","footnotes":""},"categories":[5],"tags":[],"class_list":["post-41358","post","type-post","status-publish","format-standard","has-post-thumbnail","hentry","category-asayis"],"_links":{"self":[{"href":"https:\/\/www.egemtv.com\/index.php?rest_route=\/wp\/v2\/posts\/41358","targetHints":{"allow":["GET"]}}],"collection":[{"href":"https:\/\/www.egemtv.com\/index.php?rest_route=\/wp\/v2\/posts"}],"about":[{"href":"https:\/\/www.egemtv.com\/index.php?rest_route=\/wp\/v2\/types\/post"}],"author":[{"embeddable":true,"href":"https:\/\/www.egemtv.com\/index.php?rest_route=\/wp\/v2\/users\/1"}],"replies":[{"embeddable":true,"href":"https:\/\/www.egemtv.com\/index.php?rest_route=%2Fwp%2Fv2%2Fcomments&post=41358"}],"version-history":[{"count":1,"href":"https:\/\/www.egemtv.com\/index.php?rest_route=\/wp\/v2\/posts\/41358\/revisions"}],"predecessor-version":[{"id":41360,"href":"https:\/\/www.egemtv.com\/index.php?rest_route=\/wp\/v2\/posts\/41358\/revisions\/41360"}],"wp:featuredmedia":[{"embeddable":true,"href":"https:\/\/www.egemtv.com\/index.php?rest_route=\/wp\/v2\/media\/41359"}],"wp:attachment":[{"href":"https:\/\/www.egemtv.com\/index.php?rest_route=%2Fwp%2Fv2%2Fmedia&parent=41358"}],"wp:term":[{"taxonomy":"category","embeddable":true,"href":"https:\/\/www.egemtv.com\/index.php?rest_route=%2Fwp%2Fv2%2Fcategories&post=41358"},{"taxonomy":"post_tag","embeddable":true,"href":"https:\/\/www.egemtv.com\/index.php?rest_route=%2Fwp%2Fv2%2Ftags&post=41358"}],"curies":[{"name":"wp","href":"https:\/\/api.w.org\/{rel}","templated":true}]}}