{"id":41097,"date":"2025-07-10T10:17:10","date_gmt":"2025-07-10T07:17:10","guid":{"rendered":"https:\/\/www.egemtv.com\/?p=41097"},"modified":"2025-07-10T10:17:15","modified_gmt":"2025-07-10T07:17:15","slug":"temmuz-ayi-ilce-muftuleri-toplantisi-kizilorende-gerceklestirildi","status":"publish","type":"post","link":"https:\/\/www.egemtv.com\/?p=41097","title":{"rendered":"Temmuz ay\u0131 il\u00e7e m\u00fcft\u00fcleri toplant\u0131s\u0131 K\u0131z\u0131l\u00f6ren\u2019de ger\u00e7ekle\u015ftirildi"},"content":{"rendered":"<p>Afyonkarahisar \u0130l M\u00fcft\u00fcl\u00fc\u011f\u00fc\u2019nce her ay farkl\u0131 bir il\u00e7ede d\u00fczenli olarak ger\u00e7ekle\u015ftirilen &#8220;\u0130l\u00e7e M\u00fcft\u00fcleri \u0130sti\u015fare ve De\u011ferlendirme Toplant\u0131s\u0131&#8221;n\u0131n Temmuz Ay\u0131 bulu\u015fmas\u0131, K\u0131z\u0131l\u00f6ren \u0130l\u00e7e M\u00fcft\u00fcl\u00fc\u011f\u00fc ev sahipli\u011finde yap\u0131ld\u0131.<br \/>\n<br \/>\u0130l M\u00fcft\u00fcs\u00fc L\u00fctf\u00fc \u0130mamo\u011flu ba\u015fkanl\u0131\u011f\u0131nda ger\u00e7ekle\u015ftirilen toplant\u0131ya, \u0130l M\u00fcft\u00fc Yard\u0131mc\u0131s\u0131 Ay\u015feg\u00fcl M\u00fcft\u00fco\u011flu Kurt, 17 il\u00e7e m\u00fcft\u00fcs\u00fc ile \u015eube M\u00fcd\u00fcr\u00fc Mehmet Nuri Durdu kat\u0131ld\u0131. Toplant\u0131da, il\u00e7e m\u00fcft\u00fcl\u00fcklerince y\u00fcr\u00fct\u00fclen hizmetler de\u011ferlendirildi; kar\u015f\u0131la\u015f\u0131lan sorunlar ve \u00e7\u00f6z\u00fcm \u00f6nerileri isti\u015fare edildi. Ayr\u0131ca \u00f6n\u00fcm\u00fczdeki d\u00f6neme dair planlanan faaliyetler hakk\u0131nda fikir al\u0131\u015fveri\u015finde bulunuldu. \u0130l M\u00fcft\u00fcs\u00fc \u0130mamo\u011flu, kat\u0131l\u0131mc\u0131lara te\u015fekk\u00fcr ederek \u00e7al\u0131\u015fmalar\u0131nda ba\u015far\u0131lar diledi.<br \/>\n<br \/>Toplant\u0131 sonunda, tayini U\u015fak Ulubey \u0130l\u00e7e M\u00fcft\u00fcl\u00fc\u011f\u00fcne \u00e7\u0131kan K\u0131z\u0131l\u00f6ren \u0130l\u00e7e M\u00fcft\u00fcs\u00fc Harun G\u00f6k\u2019e, \u0130l M\u00fcft\u00fcs\u00fc L\u00fctf\u00fc \u0130mamo\u011flu taraf\u0131ndan te\u015fekk\u00fcr edilerek hediye takdiminde bulunuldu. Ziyaretin ard\u0131ndan \u0130l\u00e7e M\u00fcft\u00fcleri, K\u0131z\u0131l\u00f6ren M\u00fcft\u00fcl\u00fc\u011f\u00fc taraf\u0131ndan yap\u0131m\u0131 tamamlanarak hizmete a\u00e7\u0131lan Diyanet Gen\u00e7lik Merkezi\u2019ni de gezerek incelemelerde bulundu.<br \/><\/p>\n","protected":false},"excerpt":{"rendered":"<p>Afyonkarahisar \u0130l M\u00fcft\u00fcl\u00fc\u011f\u00fc\u2019nce her ay farkl\u0131 bir il\u00e7ede d\u00fczenli olarak ger\u00e7ekle\u015ftirilen &#8220;\u0130l\u00e7e M\u00fcft\u00fcleri \u0130sti\u015fare ve De\u011ferlendirme Toplant\u0131s\u0131&#8221;n\u0131n Temmuz Ay\u0131 bulu\u015fmas\u0131, K\u0131z\u0131l\u00f6ren \u0130l\u00e7e M\u00fcft\u00fcl\u00fc\u011f\u00fc ev sahipli\u011finde yap\u0131ld\u0131. \u0130l M\u00fcft\u00fcs\u00fc L\u00fctf\u00fc \u0130mamo\u011flu ba\u015fkanl\u0131\u011f\u0131nda ger\u00e7ekle\u015ftirilen toplant\u0131ya, \u0130l M\u00fcft\u00fc Yard\u0131mc\u0131s\u0131 Ay\u015feg\u00fcl M\u00fcft\u00fco\u011flu Kurt, 17 il\u00e7e m\u00fcft\u00fcs\u00fc ile \u015eube M\u00fcd\u00fcr\u00fc Mehmet Nuri Durdu kat\u0131ld\u0131. Toplant\u0131da, il\u00e7e m\u00fcft\u00fcl\u00fcklerince y\u00fcr\u00fct\u00fclen hizmetler de\u011ferlendirildi;&#8230;<\/p>\n","protected":false},"author":1,"featured_media":41098,"comment_status":"open","ping_status":"open","sticky":false,"template":"","format":"standard","meta":{"_crdt_document":"","footnotes":""},"categories":[1],"tags":[],"class_list":["post-41097","post","type-post","status-publish","format-standard","has-post-thumbnail","hentry","category-guncel"],"_links":{"self":[{"href":"https:\/\/www.egemtv.com\/index.php?rest_route=\/wp\/v2\/posts\/41097","targetHints":{"allow":["GET"]}}],"collection":[{"href":"https:\/\/www.egemtv.com\/index.php?rest_route=\/wp\/v2\/posts"}],"about":[{"href":"https:\/\/www.egemtv.com\/index.php?rest_route=\/wp\/v2\/types\/post"}],"author":[{"embeddable":true,"href":"https:\/\/www.egemtv.com\/index.php?rest_route=\/wp\/v2\/users\/1"}],"replies":[{"embeddable":true,"href":"https:\/\/www.egemtv.com\/index.php?rest_route=%2Fwp%2Fv2%2Fcomments&post=41097"}],"version-history":[{"count":1,"href":"https:\/\/www.egemtv.com\/index.php?rest_route=\/wp\/v2\/posts\/41097\/revisions"}],"predecessor-version":[{"id":41099,"href":"https:\/\/www.egemtv.com\/index.php?rest_route=\/wp\/v2\/posts\/41097\/revisions\/41099"}],"wp:featuredmedia":[{"embeddable":true,"href":"https:\/\/www.egemtv.com\/index.php?rest_route=\/wp\/v2\/media\/41098"}],"wp:attachment":[{"href":"https:\/\/www.egemtv.com\/index.php?rest_route=%2Fwp%2Fv2%2Fmedia&parent=41097"}],"wp:term":[{"taxonomy":"category","embeddable":true,"href":"https:\/\/www.egemtv.com\/index.php?rest_route=%2Fwp%2Fv2%2Fcategories&post=41097"},{"taxonomy":"post_tag","embeddable":true,"href":"https:\/\/www.egemtv.com\/index.php?rest_route=%2Fwp%2Fv2%2Ftags&post=41097"}],"curies":[{"name":"wp","href":"https:\/\/api.w.org\/{rel}","templated":true}]}}