{"id":41094,"date":"2025-07-10T10:17:04","date_gmt":"2025-07-10T07:17:04","guid":{"rendered":"https:\/\/www.egemtv.com\/?p=41094"},"modified":"2025-07-10T10:17:09","modified_gmt":"2025-07-10T07:17:09","slug":"afyonkarahisarli-genc-sporculardan-turkiye-sampiyonasinda-gurur-veren-basari","status":"publish","type":"post","link":"https:\/\/www.egemtv.com\/?p=41094","title":{"rendered":"Afyonkarahisarl\u0131 Gen\u00e7 Sporculardan T\u00fcrkiye \u015eampiyonas\u0131\u2019nda gurur veren ba\u015far\u0131"},"content":{"rendered":"<p>4-6 Temmuz 2025 tarihleri aras\u0131nda Eski\u015fehir\u2019de d\u00fczenlenen U14 T\u00fcrkiye Atletizm \u015eampiyonas\u0131, T\u00fcrkiye\u2019nin d\u00f6rt bir yan\u0131ndan gelen gen\u00e7 sporcular\u0131n k\u0131yas\u0131ya m\u00fccadelesine sahne oldu.<br \/>\n<br \/>Organizasyona kat\u0131lan Afyonkarahisarl\u0131 sporcular\u0131m\u0131z Nihat Karabacak ve \u0130brahim Efe Bar\u0131ngan, elde ettikleri derecelerle hem Afyonkarahisar\u2019\u0131 hem de kul\u00fcplerini gururland\u0131rd\u0131. Uzun atlama bran\u015f\u0131nda yar\u0131\u015fan Nihat Karabacak, 5.67 metrelik derecesiyle T\u00fcrkiye 3\u2019\u00fcnc\u00fcs\u00fc olarak k\u00fcrs\u00fcye \u00e7\u0131kmay\u0131 ba\u015fard\u0131. Yar\u0131\u015fma s\u00fcresince sergiledi\u011fi istikrarl\u0131 performans, teknik beceri ve fiziksel kapasitesiyle dikkat \u00e7eken Karabacak, gelecek vadeden sporcular aras\u0131nda yer ald\u0131\u011f\u0131n\u0131 bir kez daha kan\u0131tlad\u0131. 60 metre engelli ko\u015fuda m\u00fccadele eden \u0130brahim Efe Bar\u0131ngan ise T\u00fcrkiye 5\u2019incisi olarak \u00f6nemli bir derece elde etti. Afyonkarahisar Gen\u00e7lik  ve Spor \u0130l M\u00fcd\u00fcrl\u00fc\u011f\u00fc\u2019nden yap\u0131lan a\u00e7\u0131klamada; &#8220;Sporcular\u0131m\u0131z\u0131 yeti\u015ftiren ve bu ba\u015far\u0131da eme\u011fi olan antren\u00f6r Seyhan G\u00fcven\u2019i tebrik ediyor; sporcular\u0131m\u0131za ba\u015far\u0131lar\u0131n\u0131n artarak devam etmesini diliyoruz&#8221; ifadelerine yer verildi.<br \/><\/p>\n","protected":false},"excerpt":{"rendered":"<p>4-6 Temmuz 2025 tarihleri aras\u0131nda Eski\u015fehir\u2019de d\u00fczenlenen U14 T\u00fcrkiye Atletizm \u015eampiyonas\u0131, T\u00fcrkiye\u2019nin d\u00f6rt bir yan\u0131ndan gelen gen\u00e7 sporcular\u0131n k\u0131yas\u0131ya m\u00fccadelesine sahne oldu. Organizasyona kat\u0131lan Afyonkarahisarl\u0131 sporcular\u0131m\u0131z Nihat Karabacak ve \u0130brahim Efe Bar\u0131ngan, elde ettikleri derecelerle hem Afyonkarahisar\u2019\u0131 hem de kul\u00fcplerini gururland\u0131rd\u0131. Uzun atlama bran\u015f\u0131nda yar\u0131\u015fan Nihat Karabacak, 5.67 metrelik derecesiyle T\u00fcrkiye 3\u2019\u00fcnc\u00fcs\u00fc olarak k\u00fcrs\u00fcye \u00e7\u0131kmay\u0131&#8230;<\/p>\n","protected":false},"author":1,"featured_media":41095,"comment_status":"open","ping_status":"open","sticky":false,"template":"","format":"standard","meta":{"_crdt_document":"","footnotes":""},"categories":[4],"tags":[],"class_list":["post-41094","post","type-post","status-publish","format-standard","has-post-thumbnail","hentry","category-spor"],"_links":{"self":[{"href":"https:\/\/www.egemtv.com\/index.php?rest_route=\/wp\/v2\/posts\/41094","targetHints":{"allow":["GET"]}}],"collection":[{"href":"https:\/\/www.egemtv.com\/index.php?rest_route=\/wp\/v2\/posts"}],"about":[{"href":"https:\/\/www.egemtv.com\/index.php?rest_route=\/wp\/v2\/types\/post"}],"author":[{"embeddable":true,"href":"https:\/\/www.egemtv.com\/index.php?rest_route=\/wp\/v2\/users\/1"}],"replies":[{"embeddable":true,"href":"https:\/\/www.egemtv.com\/index.php?rest_route=%2Fwp%2Fv2%2Fcomments&post=41094"}],"version-history":[{"count":1,"href":"https:\/\/www.egemtv.com\/index.php?rest_route=\/wp\/v2\/posts\/41094\/revisions"}],"predecessor-version":[{"id":41096,"href":"https:\/\/www.egemtv.com\/index.php?rest_route=\/wp\/v2\/posts\/41094\/revisions\/41096"}],"wp:featuredmedia":[{"embeddable":true,"href":"https:\/\/www.egemtv.com\/index.php?rest_route=\/wp\/v2\/media\/41095"}],"wp:attachment":[{"href":"https:\/\/www.egemtv.com\/index.php?rest_route=%2Fwp%2Fv2%2Fmedia&parent=41094"}],"wp:term":[{"taxonomy":"category","embeddable":true,"href":"https:\/\/www.egemtv.com\/index.php?rest_route=%2Fwp%2Fv2%2Fcategories&post=41094"},{"taxonomy":"post_tag","embeddable":true,"href":"https:\/\/www.egemtv.com\/index.php?rest_route=%2Fwp%2Fv2%2Ftags&post=41094"}],"curies":[{"name":"wp","href":"https:\/\/api.w.org\/{rel}","templated":true}]}}