{"id":41091,"date":"2025-07-10T10:16:58","date_gmt":"2025-07-10T07:16:58","guid":{"rendered":"https:\/\/www.egemtv.com\/?p=41091"},"modified":"2025-07-10T10:17:04","modified_gmt":"2025-07-10T07:17:04","slug":"supheli-sahista-uyusturucu-madde-ele-gecirildi","status":"publish","type":"post","link":"https:\/\/www.egemtv.com\/?p=41091","title":{"rendered":"\u015e\u00fcpheli \u015fah\u0131sta uyu\u015fturucu madde ele ge\u00e7irildi"},"content":{"rendered":"<p>Ayd\u0131n\u2019\u0131n Ko\u00e7arl\u0131 il\u00e7esinde yol kenar\u0131nda bekleyen \u015f\u00fcpheli \u015fahs\u0131n \u00fczerinde uyu\u015fturucu madde ele ge\u00e7irildi.<br \/>\n<br \/>Ko\u00e7arl\u0131 \u0130l\u00e7e Jandarma Komutanl\u0131\u011f\u0131 taraf\u0131ndan &#8220;Uyu\u015fturucu madde imal ve ticareti&#8221; su\u00e7una y\u00f6nelik \u00e7al\u0131\u015fma ba\u015flatt\u0131. Efeler il\u00e7esinden Ko\u00e7arl\u0131 il\u00e7esine elinde bulunan uyu\u015fturucu maddeyi satmak amac\u0131yla getiren \u0130.G. (37) isimli \u015f\u00fcpheli \u015fah\u0131s, \u0130ncirliova-Ko\u00e7arl\u0131 Karayolu Ko\u00e7arl\u0131 Giri\u015fi yol kenar\u0131nda bekledi\u011fi g\u00f6r\u00fclerek yakaland\u0131. \u015e\u00fcpheli \u015fahs\u0131n \u00fczerinde yap\u0131lan \u00fcst aramas\u0131nda 1,5 A4 boyutunda par\u00e7a par\u00e7a olmak \u00fczere yakla\u015f\u0131k be\u015f bin kullan\u0131ml\u0131k Sentetik Kannabinoid uyu\u015fturucu maddesi ele ge\u00e7irildi. Olayla ilgili adli s\u00fcrecin devam etti\u011fi \u00f6\u011frenildi.<br \/><\/p>\n","protected":false},"excerpt":{"rendered":"<p>Ayd\u0131n\u2019\u0131n Ko\u00e7arl\u0131 il\u00e7esinde yol kenar\u0131nda bekleyen \u015f\u00fcpheli \u015fahs\u0131n \u00fczerinde uyu\u015fturucu madde ele ge\u00e7irildi. Ko\u00e7arl\u0131 \u0130l\u00e7e Jandarma Komutanl\u0131\u011f\u0131 taraf\u0131ndan &#8220;Uyu\u015fturucu madde imal ve ticareti&#8221; su\u00e7una y\u00f6nelik \u00e7al\u0131\u015fma ba\u015flatt\u0131. Efeler il\u00e7esinden Ko\u00e7arl\u0131 il\u00e7esine elinde bulunan uyu\u015fturucu maddeyi satmak amac\u0131yla getiren \u0130.G. (37) isimli \u015f\u00fcpheli \u015fah\u0131s, \u0130ncirliova-Ko\u00e7arl\u0131 Karayolu Ko\u00e7arl\u0131 Giri\u015fi yol kenar\u0131nda bekledi\u011fi g\u00f6r\u00fclerek yakaland\u0131. \u015e\u00fcpheli \u015fahs\u0131n \u00fczerinde&#8230;<\/p>\n","protected":false},"author":1,"featured_media":41092,"comment_status":"open","ping_status":"open","sticky":false,"template":"","format":"standard","meta":{"_crdt_document":"","footnotes":""},"categories":[5],"tags":[],"class_list":["post-41091","post","type-post","status-publish","format-standard","has-post-thumbnail","hentry","category-asayis"],"_links":{"self":[{"href":"https:\/\/www.egemtv.com\/index.php?rest_route=\/wp\/v2\/posts\/41091","targetHints":{"allow":["GET"]}}],"collection":[{"href":"https:\/\/www.egemtv.com\/index.php?rest_route=\/wp\/v2\/posts"}],"about":[{"href":"https:\/\/www.egemtv.com\/index.php?rest_route=\/wp\/v2\/types\/post"}],"author":[{"embeddable":true,"href":"https:\/\/www.egemtv.com\/index.php?rest_route=\/wp\/v2\/users\/1"}],"replies":[{"embeddable":true,"href":"https:\/\/www.egemtv.com\/index.php?rest_route=%2Fwp%2Fv2%2Fcomments&post=41091"}],"version-history":[{"count":1,"href":"https:\/\/www.egemtv.com\/index.php?rest_route=\/wp\/v2\/posts\/41091\/revisions"}],"predecessor-version":[{"id":41093,"href":"https:\/\/www.egemtv.com\/index.php?rest_route=\/wp\/v2\/posts\/41091\/revisions\/41093"}],"wp:featuredmedia":[{"embeddable":true,"href":"https:\/\/www.egemtv.com\/index.php?rest_route=\/wp\/v2\/media\/41092"}],"wp:attachment":[{"href":"https:\/\/www.egemtv.com\/index.php?rest_route=%2Fwp%2Fv2%2Fmedia&parent=41091"}],"wp:term":[{"taxonomy":"category","embeddable":true,"href":"https:\/\/www.egemtv.com\/index.php?rest_route=%2Fwp%2Fv2%2Fcategories&post=41091"},{"taxonomy":"post_tag","embeddable":true,"href":"https:\/\/www.egemtv.com\/index.php?rest_route=%2Fwp%2Fv2%2Ftags&post=41091"}],"curies":[{"name":"wp","href":"https:\/\/api.w.org\/{rel}","templated":true}]}}