{"id":41088,"date":"2025-07-10T10:16:48","date_gmt":"2025-07-10T07:16:48","guid":{"rendered":"https:\/\/www.egemtv.com\/?p=41088"},"modified":"2025-07-10T10:16:57","modified_gmt":"2025-07-10T07:16:57","slug":"kutahya-zafer-osbde-enerji-altyapisi-gucleniyor","status":"publish","type":"post","link":"https:\/\/www.egemtv.com\/?p=41088","title":{"rendered":"K\u00fctahya Zafer OSB\u2019de enerji altyap\u0131s\u0131 g\u00fc\u00e7leniyor"},"content":{"rendered":"<p>K\u00fctahya\u2019n\u0131n \u00f6nemli sanayi yat\u0131r\u0131mlar\u0131ndan biri olan Zafer Organize Sanayi B\u00f6lgesi\u2019nde (OSB), enerji altyap\u0131s\u0131n\u0131 g\u00fc\u00e7lendirmeye y\u00f6nelik \u00f6nemli bir ad\u0131m at\u0131l\u0131yor. 65 megavat kapasiteli indirici trafo merkezinin yap\u0131m ihalesi, 30 Temmuz 2025 tarihinde Ankara\u2019da T\u00fcrkiye Elektrik \u0130letim A.\u015e. (TE\u0130A\u015e) Genel M\u00fcd\u00fcrl\u00fc\u011f\u00fc taraf\u0131ndan ger\u00e7ekle\u015ftirilecek.<br \/>\n<br \/>Yakla\u015f\u0131k 250 milyon TL maliyetle hayata ge\u00e7irilecek olan trafo merkezinin 18 ay i\u00e7erisinde tamamlanarak hizmete al\u0131nmas\u0131 planlan\u0131yor. Trafo merkezi sayesinde Zafer OSB\u2019de faaliyet g\u00f6steren sanayi kurulu\u015flar\u0131na kesintisiz, sa\u011fl\u0131kl\u0131 ve s\u00fcrd\u00fcr\u00fclebilir enerji sa\u011flanacak. Bu yat\u0131r\u0131m, \u00fcretim verimlili\u011fini art\u0131rarak b\u00f6lgedeki sanayi potansiyeline b\u00fcy\u00fck katk\u0131 sunacak.<br \/>\n<br \/>Zafer OSB\u2019nin 1. etap \u00e7al\u0131\u015fmalar\u0131 kapsam\u0131nda do\u011falgaz, elektrik, ya\u011fmur suyu, temiz su, at\u0131k su, peyzaj sulama, yang\u0131n hidrant hatlar\u0131 ile birlikte yol \u00e7evre ayd\u0131nlatmalar\u0131, elektrik trafo merkezleri ve do\u011falgaz da\u011f\u0131t\u0131m istasyonu tamamland\u0131. Mart ay\u0131 itibariyle b\u00f6lgeye do\u011falgaz arz\u0131 sa\u011flanmaya ba\u015flan\u0131rken, OSB i\u00e7 yollar\u0131ndaki kilit ta\u015f\u0131 kaplamalar\u0131 da bitirilerek ara\u00e7 trafi\u011fine a\u00e7\u0131ld\u0131.<br \/>\n<br \/>Mevcut 565 hektarl\u0131k Zafer OSB alan\u0131na ek olarak planlanan 650 hektarl\u0131k geni\u015fleme sahas\u0131nda \u00e7al\u0131\u015fmalar son a\u015famaya geldi. B\u00f6ylece OSB\u2019nin toplam y\u00fcz\u00f6l\u00e7\u00fcm\u00fc 1215 hektara ula\u015facak. Geni\u015fleme sahas\u0131n\u0131n imara a\u00e7\u0131lmas\u0131yla birlikte b\u00f6lgede en az 100 yeni sanayi parselinin olu\u015fturulmas\u0131 hedefleniyor.<br \/>\n<br \/>Yeni yat\u0131r\u0131mlar sayesinde ba\u015fta Alt\u0131nta\u015f olmak \u00fczere K\u00fctahya genelinde istihdama katk\u0131 sa\u011flanmas\u0131 ve b\u00fcy\u00fck\u015fehirlere g\u00f6\u00e7\u00fcn azalt\u0131lmas\u0131 ama\u00e7lan\u0131yor. Projeyle birlikte b\u00f6lgenin sosyo-ekonomik geli\u015fmi\u015flik d\u00fczeyinin artmas\u0131 bekleniyor.<br \/><\/p>\n","protected":false},"excerpt":{"rendered":"<p>K\u00fctahya\u2019n\u0131n \u00f6nemli sanayi yat\u0131r\u0131mlar\u0131ndan biri olan Zafer Organize Sanayi B\u00f6lgesi\u2019nde (OSB), enerji altyap\u0131s\u0131n\u0131 g\u00fc\u00e7lendirmeye y\u00f6nelik \u00f6nemli bir ad\u0131m at\u0131l\u0131yor. 65 megavat kapasiteli indirici trafo merkezinin yap\u0131m ihalesi, 30 Temmuz 2025 tarihinde Ankara\u2019da T\u00fcrkiye Elektrik \u0130letim A.\u015e. (TE\u0130A\u015e) Genel M\u00fcd\u00fcrl\u00fc\u011f\u00fc taraf\u0131ndan ger\u00e7ekle\u015ftirilecek. Yakla\u015f\u0131k 250 milyon TL maliyetle hayata ge\u00e7irilecek olan trafo merkezinin 18 ay i\u00e7erisinde tamamlanarak&#8230;<\/p>\n","protected":false},"author":1,"featured_media":41089,"comment_status":"open","ping_status":"open","sticky":false,"template":"","format":"standard","meta":{"_crdt_document":"","footnotes":""},"categories":[1],"tags":[],"class_list":["post-41088","post","type-post","status-publish","format-standard","has-post-thumbnail","hentry","category-guncel"],"_links":{"self":[{"href":"https:\/\/www.egemtv.com\/index.php?rest_route=\/wp\/v2\/posts\/41088","targetHints":{"allow":["GET"]}}],"collection":[{"href":"https:\/\/www.egemtv.com\/index.php?rest_route=\/wp\/v2\/posts"}],"about":[{"href":"https:\/\/www.egemtv.com\/index.php?rest_route=\/wp\/v2\/types\/post"}],"author":[{"embeddable":true,"href":"https:\/\/www.egemtv.com\/index.php?rest_route=\/wp\/v2\/users\/1"}],"replies":[{"embeddable":true,"href":"https:\/\/www.egemtv.com\/index.php?rest_route=%2Fwp%2Fv2%2Fcomments&post=41088"}],"version-history":[{"count":1,"href":"https:\/\/www.egemtv.com\/index.php?rest_route=\/wp\/v2\/posts\/41088\/revisions"}],"predecessor-version":[{"id":41090,"href":"https:\/\/www.egemtv.com\/index.php?rest_route=\/wp\/v2\/posts\/41088\/revisions\/41090"}],"wp:featuredmedia":[{"embeddable":true,"href":"https:\/\/www.egemtv.com\/index.php?rest_route=\/wp\/v2\/media\/41089"}],"wp:attachment":[{"href":"https:\/\/www.egemtv.com\/index.php?rest_route=%2Fwp%2Fv2%2Fmedia&parent=41088"}],"wp:term":[{"taxonomy":"category","embeddable":true,"href":"https:\/\/www.egemtv.com\/index.php?rest_route=%2Fwp%2Fv2%2Fcategories&post=41088"},{"taxonomy":"post_tag","embeddable":true,"href":"https:\/\/www.egemtv.com\/index.php?rest_route=%2Fwp%2Fv2%2Ftags&post=41088"}],"curies":[{"name":"wp","href":"https:\/\/api.w.org\/{rel}","templated":true}]}}