{"id":41085,"date":"2025-07-10T09:56:51","date_gmt":"2025-07-10T06:56:51","guid":{"rendered":"https:\/\/www.egemtv.com\/?p=41085"},"modified":"2025-07-10T09:56:54","modified_gmt":"2025-07-10T06:56:54","slug":"kutahyada-zimmet-operasyonu-2-kisi-tutuklandi","status":"publish","type":"post","link":"https:\/\/www.egemtv.com\/?p=41085","title":{"rendered":"K\u00fctahya\u2019da zimmet operasyonu: 2 ki\u015fi tutukland\u0131"},"content":{"rendered":"<p>K\u00fctahya\u2019n\u0131n Alt\u0131nta\u015f il\u00e7esinde, zimmetlerine para ge\u00e7irdikleri iddias\u0131yla g\u00f6zalt\u0131na al\u0131nan 3 ki\u015fiden 2\u2019si tutukland\u0131.<br \/>\n<br \/>K\u00fctahya \u0130l Jandarma Komutanl\u0131\u011f\u0131 unsurlar\u0131nca il genelinde ka\u00e7ak\u00e7\u0131l\u0131k su\u00e7lar\u0131 ile m\u00fccadele \u00e7er\u00e7evesinde yap\u0131lan \u00e7al\u0131\u015fmalar sonucu, Alt\u0131nta\u015f il\u00e7esinde zimmet su\u00e7una y\u00f6nelik operasyon ger\u00e7ekle\u015ftirildi. Operasyonda, olayla ba\u011flant\u0131s\u0131 oldu\u011fu tespit edilen ve g\u00f6zalt\u0131na al\u0131nan 3 \u015f\u00fcpheliden 2\u2019si \u00e7\u0131kar\u0131ld\u0131\u011f\u0131 mahkemece tutuklanarak K\u00fctahya Kapal\u0131 Ceza \u0130nfaz Kurumuna teslim edildi. Bir \u015f\u00fcpheli ise tutuksuz yarg\u0131lanmak \u00fczere serbest b\u0131rak\u0131ld\u0131.<br \/><\/p>\n","protected":false},"excerpt":{"rendered":"<p>K\u00fctahya\u2019n\u0131n Alt\u0131nta\u015f il\u00e7esinde, zimmetlerine para ge\u00e7irdikleri iddias\u0131yla g\u00f6zalt\u0131na al\u0131nan 3 ki\u015fiden 2\u2019si tutukland\u0131. K\u00fctahya \u0130l Jandarma Komutanl\u0131\u011f\u0131 unsurlar\u0131nca il genelinde ka\u00e7ak\u00e7\u0131l\u0131k su\u00e7lar\u0131 ile m\u00fccadele \u00e7er\u00e7evesinde yap\u0131lan \u00e7al\u0131\u015fmalar sonucu, Alt\u0131nta\u015f il\u00e7esinde zimmet su\u00e7una y\u00f6nelik operasyon ger\u00e7ekle\u015ftirildi. Operasyonda, olayla ba\u011flant\u0131s\u0131 oldu\u011fu tespit edilen ve g\u00f6zalt\u0131na al\u0131nan 3 \u015f\u00fcpheliden 2\u2019si \u00e7\u0131kar\u0131ld\u0131\u011f\u0131 mahkemece tutuklanarak K\u00fctahya Kapal\u0131 Ceza \u0130nfaz Kurumuna&#8230;<\/p>\n","protected":false},"author":1,"featured_media":41086,"comment_status":"open","ping_status":"open","sticky":false,"template":"","format":"standard","meta":{"_crdt_document":"","footnotes":""},"categories":[5],"tags":[],"class_list":["post-41085","post","type-post","status-publish","format-standard","has-post-thumbnail","hentry","category-asayis"],"_links":{"self":[{"href":"https:\/\/www.egemtv.com\/index.php?rest_route=\/wp\/v2\/posts\/41085","targetHints":{"allow":["GET"]}}],"collection":[{"href":"https:\/\/www.egemtv.com\/index.php?rest_route=\/wp\/v2\/posts"}],"about":[{"href":"https:\/\/www.egemtv.com\/index.php?rest_route=\/wp\/v2\/types\/post"}],"author":[{"embeddable":true,"href":"https:\/\/www.egemtv.com\/index.php?rest_route=\/wp\/v2\/users\/1"}],"replies":[{"embeddable":true,"href":"https:\/\/www.egemtv.com\/index.php?rest_route=%2Fwp%2Fv2%2Fcomments&post=41085"}],"version-history":[{"count":1,"href":"https:\/\/www.egemtv.com\/index.php?rest_route=\/wp\/v2\/posts\/41085\/revisions"}],"predecessor-version":[{"id":41087,"href":"https:\/\/www.egemtv.com\/index.php?rest_route=\/wp\/v2\/posts\/41085\/revisions\/41087"}],"wp:featuredmedia":[{"embeddable":true,"href":"https:\/\/www.egemtv.com\/index.php?rest_route=\/wp\/v2\/media\/41086"}],"wp:attachment":[{"href":"https:\/\/www.egemtv.com\/index.php?rest_route=%2Fwp%2Fv2%2Fmedia&parent=41085"}],"wp:term":[{"taxonomy":"category","embeddable":true,"href":"https:\/\/www.egemtv.com\/index.php?rest_route=%2Fwp%2Fv2%2Fcategories&post=41085"},{"taxonomy":"post_tag","embeddable":true,"href":"https:\/\/www.egemtv.com\/index.php?rest_route=%2Fwp%2Fv2%2Ftags&post=41085"}],"curies":[{"name":"wp","href":"https:\/\/api.w.org\/{rel}","templated":true}]}}