{"id":41082,"date":"2025-07-10T09:56:47","date_gmt":"2025-07-10T06:56:47","guid":{"rendered":"https:\/\/www.egemtv.com\/?p=41082"},"modified":"2025-07-10T09:56:51","modified_gmt":"2025-07-10T06:56:51","slug":"didim-belediyesi-deniz-guvenligine-dikkat-cekti","status":"publish","type":"post","link":"https:\/\/www.egemtv.com\/?p=41082","title":{"rendered":"Didim Belediyesi \u2019deniz g\u00fcvenli\u011fine\u2019 dikkat \u00e7ekti"},"content":{"rendered":"<p>Ayd\u0131n\u2019\u0131n turizm b\u00f6lgelerinden olan Didim il\u00e7esinde, cankurtaranlar vatanda\u015flar\u0131n g\u00fcvenli\u011fi i\u00e7in g\u00f6rev yapmaya devam ederken, il\u00e7ede g\u00fcnde 10 ila 15 aras\u0131nda bo\u011fulma vakas\u0131n\u0131n ya\u015fand\u0131\u011f\u0131na dikkat \u00e7eken Didim Belediyesi, g\u00fcvenli deniz keyfi i\u00e7in kurallara uyulmas\u0131 gerekti\u011fini hat\u0131rlatt\u0131.<\/p>\n<p>\u00d6zellikle yaz aylar\u0131nda il\u00e7e n\u00fcfusu ikiye katlanan Didim il\u00e7esinde, turizm hareketlili\u011fi devam ederken, cankurtaranlar da vatanda\u015flar\u0131n g\u00fcvenli\u011fi i\u00e7in g\u00f6revlerini aral\u0131ks\u0131z s\u00fcrd\u00fcr\u00fcyor. Bu \u00e7er\u00e7evede Didim Belediye Ba\u015fkan\u0131 Hatice Gen\u00e7ay da cankurtaran ekibiyle bir araya gelerek denizde g\u00fcvenlik i\u00e7in kurallara uyulmas\u0131 gerekti\u011fini s\u00f6yledi. Sahillerde dalgalanan bayraklar\u0131n renklerinin hayati \u00f6nem ta\u015f\u0131d\u0131\u011f\u0131n\u0131 ifade eden Ba\u015fkan Gen\u00e7ay, vatanda\u015flar\u0131n bu uyar\u0131lara dikkat etmesini istedi. Didim genelindeki sahillerde sadece ge\u00e7ti\u011fimiz hafta i\u00e7erisinde 60\u2019tan fazla bo\u011fulma vakas\u0131na m\u00fcdahale edilirken, g\u00fcnl\u00fck ortalama 10-15 vakayla kar\u015f\u0131la\u015f\u0131ld\u0131\u011f\u0131 \u00f6\u011frenildi.<\/p>\n<p>Konu ile ilgili Didim Belediyesi\u2019nden yap\u0131lan a\u00e7\u0131klamada &#8220;Didim sahillerinde g\u00f6rev yapan cankurtaranlar\u0131m\u0131z, Belediye Ba\u015fkan\u0131m\u0131z Hatice Gen\u00e7ay ile bir araya gelerek yaz sezonunda g\u00fcvenli deniz keyfi i\u00e7in \u00f6nemli hat\u0131rlatmalarda bulundu. Sahillerde dalgalanan k\u0131rm\u0131z\u0131, sar\u0131 ve k\u0131rm\u0131z\u0131-sar\u0131 bayraklar, o anki deniz \u015fartlar\u0131na g\u00f6re hayati uyar\u0131lar ta\u015f\u0131r, ne yaz\u0131k ki baz\u0131 vatanda\u015flar\u0131m\u0131z bu uyar\u0131lar\u0131 dikkate almadan denize giriyor. Sadece ge\u00e7en hafta 60\u2019tan fazla bo\u011fulma vakas\u0131na m\u00fcdahale edildi. G\u00fcnl\u00fck ortalama 10-15 vakayla kar\u015f\u0131la\u015f\u0131l\u0131yor ve kurallara uyulmad\u0131\u011f\u0131nda bu say\u0131 art\u0131yor. Cankurtaranlar\u0131m\u0131z\u0131n en \u00e7ok zorland\u0131\u011f\u0131 konular ise \u00e7ocuklar\u0131n denizde kontrols\u00fcz \u015fekilde b\u0131rak\u0131lmas\u0131, kalp krizi gibi ani sa\u011fl\u0131k sorunlar\u0131, uyar\u0131lara ra\u011fmen tehlikeli \u015fartlarda denize girilmesi. Kendi can g\u00fcvenli\u011fimiz ve ekiplerimizin y\u00fck\u00fcn\u00fc hafifletmek i\u00e7in bayraklara ve uyar\u0131lara mutlaka uyal\u0131m. Unutmayal\u0131m, deniz keyfi bilin\u00e7le g\u00fczelle\u015fir, kurallara uymak hayat kurtar\u0131r&#8221; ifadeleri yer ald\u0131.<br \/><\/p>\n","protected":false},"excerpt":{"rendered":"<p>Ayd\u0131n\u2019\u0131n turizm b\u00f6lgelerinden olan Didim il\u00e7esinde, cankurtaranlar vatanda\u015flar\u0131n g\u00fcvenli\u011fi i\u00e7in g\u00f6rev yapmaya devam ederken, il\u00e7ede g\u00fcnde 10 ila 15 aras\u0131nda bo\u011fulma vakas\u0131n\u0131n ya\u015fand\u0131\u011f\u0131na dikkat \u00e7eken Didim Belediyesi, g\u00fcvenli deniz keyfi i\u00e7in kurallara uyulmas\u0131 gerekti\u011fini hat\u0131rlatt\u0131. \u00d6zellikle yaz aylar\u0131nda il\u00e7e n\u00fcfusu ikiye katlanan Didim il\u00e7esinde, turizm hareketlili\u011fi devam ederken, cankurtaranlar da vatanda\u015flar\u0131n g\u00fcvenli\u011fi i\u00e7in g\u00f6revlerini aral\u0131ks\u0131z&#8230;<\/p>\n","protected":false},"author":1,"featured_media":41083,"comment_status":"open","ping_status":"open","sticky":false,"template":"","format":"standard","meta":{"_crdt_document":"","footnotes":""},"categories":[5],"tags":[],"class_list":["post-41082","post","type-post","status-publish","format-standard","has-post-thumbnail","hentry","category-asayis"],"_links":{"self":[{"href":"https:\/\/www.egemtv.com\/index.php?rest_route=\/wp\/v2\/posts\/41082","targetHints":{"allow":["GET"]}}],"collection":[{"href":"https:\/\/www.egemtv.com\/index.php?rest_route=\/wp\/v2\/posts"}],"about":[{"href":"https:\/\/www.egemtv.com\/index.php?rest_route=\/wp\/v2\/types\/post"}],"author":[{"embeddable":true,"href":"https:\/\/www.egemtv.com\/index.php?rest_route=\/wp\/v2\/users\/1"}],"replies":[{"embeddable":true,"href":"https:\/\/www.egemtv.com\/index.php?rest_route=%2Fwp%2Fv2%2Fcomments&post=41082"}],"version-history":[{"count":1,"href":"https:\/\/www.egemtv.com\/index.php?rest_route=\/wp\/v2\/posts\/41082\/revisions"}],"predecessor-version":[{"id":41084,"href":"https:\/\/www.egemtv.com\/index.php?rest_route=\/wp\/v2\/posts\/41082\/revisions\/41084"}],"wp:featuredmedia":[{"embeddable":true,"href":"https:\/\/www.egemtv.com\/index.php?rest_route=\/wp\/v2\/media\/41083"}],"wp:attachment":[{"href":"https:\/\/www.egemtv.com\/index.php?rest_route=%2Fwp%2Fv2%2Fmedia&parent=41082"}],"wp:term":[{"taxonomy":"category","embeddable":true,"href":"https:\/\/www.egemtv.com\/index.php?rest_route=%2Fwp%2Fv2%2Fcategories&post=41082"},{"taxonomy":"post_tag","embeddable":true,"href":"https:\/\/www.egemtv.com\/index.php?rest_route=%2Fwp%2Fv2%2Ftags&post=41082"}],"curies":[{"name":"wp","href":"https:\/\/api.w.org\/{rel}","templated":true}]}}