{"id":41079,"date":"2025-07-10T09:56:42","date_gmt":"2025-07-10T06:56:42","guid":{"rendered":"https:\/\/www.egemtv.com\/?p=41079"},"modified":"2025-07-10T09:56:47","modified_gmt":"2025-07-10T06:56:47","slug":"529-yillik-vakif-gelenegi-geregince-117-cocuk-sunnet-ettirildi","status":"publish","type":"post","link":"https:\/\/www.egemtv.com\/?p=41079","title":{"rendered":"529 y\u0131ll\u0131k vak\u0131f gelene\u011fi gere\u011fince 117 \u00e7ocuk s\u00fcnnet ettirildi"},"content":{"rendered":"<p>Sultan 2. Bayezid\u2019in vakfiyesindeki hay\u0131r \u015fart\u0131 do\u011frultusunda d\u00fczenlenen toplu s\u00fcnnet \u015f\u00f6leninde, 43\u2019\u00fc Denizli\u2019de olmak \u00fczere 117 \u00e7ocuk erkekli\u011fe ilk ad\u0131mlar\u0131n\u0131 birlikte att\u0131.<\/p>\n<p>Toplu s\u00fcnnet \u015f\u00f6leni \u015e\u00fckr\u00fc Fatma Zeybek\u00e7i Camisinde Kuran-\u0131 Kerim tilaveti ve mevlit okunarak ba\u015flad\u0131. Vak\u0131f k\u00fclt\u00fcr\u00fcn\u00fcn ya\u015fat\u0131ld\u0131\u011f\u0131 etkinlikte \u00e7ocuklar m\u00fczik e\u015fli\u011finde doyas\u0131ya e\u011flendi. \u015e\u00f6lene kat\u0131lan \u00e7ocuklar, d\u00fczenlenen \u015fehir turunda otob\u00fcsle konvoy halinde Denizli sokaklar\u0131n\u0131 gezdi. Renkli g\u00f6r\u00fcnt\u00fclere sahne olan konvoyda aileler de \u00e7ocuklar\u0131na e\u015flik etti. \u015eehir turunun ard\u0131ndan \u00e7ocuklara ve ailelerine yemek ikram edildi.<\/p>\n<p>Etkinlik sonunda Vali \u00d6mer Faruk Co\u015fkun ve protokol taraf\u0131ndan her \u00e7ocu\u011fa hediyeleri olan gram alt\u0131n, bisiklet ve oyuncaklar hediye edildi. Hediyelerine kavu\u015fan \u00e7ocuklar b\u00fcy\u00fck sevin\u00e7 ya\u015farken, bisikletlerini al\u0131r almaz deneme turlar\u0131 att\u0131.<\/p>\n<p>Programda konu\u015fan Ayd\u0131n Vak\u0131flar B\u00f6le M\u00fcd\u00fcr\u00fc M\u00fccahid Vural, yapt\u0131\u011f\u0131 konu\u015fmada; &#8220;Osmanl\u0131dan g\u00fcn\u00fcm\u00fcze y\u00fczlerce vak\u0131f kurulmu\u015ftur. Yard\u0131mla\u015fma dayan\u0131\u015fma duygular\u0131n\u0131 harekete ge\u00e7iren vak\u0131flar bir\u00e7ok alanda hizmetler yapm\u0131\u015ft\u0131r. \u2018Sultan 2. Bayezid taraf\u0131ndan 529 y\u0131l \u00f6nce 1496 y\u0131l\u0131nda kurulmu\u015f olan, \u00e7ocuklar\u0131 s\u00fcnnet ettirme vakf\u0131n\u0131n vakfiyesinde bulunan \u2018s\u00fcnnet edilmesi laz\u0131m gelen \u00e7ocuklar, s\u00fcnnet edile. S\u00fcnnet edilmesi gereken \u00e7ocuklara m\u00fcnasip g\u00fczel elbise verile\u2019 hay\u0131r \u015fart\u0131 gere\u011fince, bu vakf\u0131n hay\u0131r \u015fart\u0131n\u0131 yerine getirerek ya\u015fatma \u00e7abas\u0131 i\u00e7erisindeyiz. 81 ilde s\u00fcnnet organizasyonlar\u0131 yapmaktay\u0131z. B\u00f6lge M\u00fcd\u00fcrl\u00fc\u011f\u00fc olarak, toplamda 117 \u00e7ocu\u011fumuzun Denizli\u2019de ise 43 \u00e7ocu\u011fumuzun s\u00fcnnet organizasyonunu yapmaktay\u0131z. Bu organizasyonlar kapsam\u0131nda farkl\u0131 etkinlikler yaparak, \u00e7ocuklara hediyeler vererek unutulmayacak bir g\u00fcn ya\u015fatmak i\u00e7in elimizden gelen gayreti g\u00f6stermekteyiz&#8221; dedi.<br \/><\/p>\n","protected":false},"excerpt":{"rendered":"<p>Sultan 2. Bayezid\u2019in vakfiyesindeki hay\u0131r \u015fart\u0131 do\u011frultusunda d\u00fczenlenen toplu s\u00fcnnet \u015f\u00f6leninde, 43\u2019\u00fc Denizli\u2019de olmak \u00fczere 117 \u00e7ocuk erkekli\u011fe ilk ad\u0131mlar\u0131n\u0131 birlikte att\u0131. Toplu s\u00fcnnet \u015f\u00f6leni \u015e\u00fckr\u00fc Fatma Zeybek\u00e7i Camisinde Kuran-\u0131 Kerim tilaveti ve mevlit okunarak ba\u015flad\u0131. Vak\u0131f k\u00fclt\u00fcr\u00fcn\u00fcn ya\u015fat\u0131ld\u0131\u011f\u0131 etkinlikte \u00e7ocuklar m\u00fczik e\u015fli\u011finde doyas\u0131ya e\u011flendi. \u015e\u00f6lene kat\u0131lan \u00e7ocuklar, d\u00fczenlenen \u015fehir turunda otob\u00fcsle konvoy halinde Denizli&#8230;<\/p>\n","protected":false},"author":1,"featured_media":41080,"comment_status":"open","ping_status":"open","sticky":false,"template":"","format":"standard","meta":{"_crdt_document":"","footnotes":""},"categories":[123],"tags":[],"class_list":["post-41079","post","type-post","status-publish","format-standard","has-post-thumbnail","hentry","category-gundem"],"_links":{"self":[{"href":"https:\/\/www.egemtv.com\/index.php?rest_route=\/wp\/v2\/posts\/41079","targetHints":{"allow":["GET"]}}],"collection":[{"href":"https:\/\/www.egemtv.com\/index.php?rest_route=\/wp\/v2\/posts"}],"about":[{"href":"https:\/\/www.egemtv.com\/index.php?rest_route=\/wp\/v2\/types\/post"}],"author":[{"embeddable":true,"href":"https:\/\/www.egemtv.com\/index.php?rest_route=\/wp\/v2\/users\/1"}],"replies":[{"embeddable":true,"href":"https:\/\/www.egemtv.com\/index.php?rest_route=%2Fwp%2Fv2%2Fcomments&post=41079"}],"version-history":[{"count":1,"href":"https:\/\/www.egemtv.com\/index.php?rest_route=\/wp\/v2\/posts\/41079\/revisions"}],"predecessor-version":[{"id":41081,"href":"https:\/\/www.egemtv.com\/index.php?rest_route=\/wp\/v2\/posts\/41079\/revisions\/41081"}],"wp:featuredmedia":[{"embeddable":true,"href":"https:\/\/www.egemtv.com\/index.php?rest_route=\/wp\/v2\/media\/41080"}],"wp:attachment":[{"href":"https:\/\/www.egemtv.com\/index.php?rest_route=%2Fwp%2Fv2%2Fmedia&parent=41079"}],"wp:term":[{"taxonomy":"category","embeddable":true,"href":"https:\/\/www.egemtv.com\/index.php?rest_route=%2Fwp%2Fv2%2Fcategories&post=41079"},{"taxonomy":"post_tag","embeddable":true,"href":"https:\/\/www.egemtv.com\/index.php?rest_route=%2Fwp%2Fv2%2Ftags&post=41079"}],"curies":[{"name":"wp","href":"https:\/\/api.w.org\/{rel}","templated":true}]}}