{"id":41076,"date":"2025-07-10T09:56:38","date_gmt":"2025-07-10T06:56:38","guid":{"rendered":"https:\/\/www.egemtv.com\/?p=41076"},"modified":"2025-07-10T09:56:42","modified_gmt":"2025-07-10T06:56:42","slug":"baskan-cercioglundan-cocuklara-yaz-tatilinde-spor-destegi","status":"publish","type":"post","link":"https:\/\/www.egemtv.com\/?p=41076","title":{"rendered":"Ba\u015fkan \u00c7er\u00e7io\u011flu\u2019ndan \u00e7ocuklara yaz tatilinde spor deste\u011fi"},"content":{"rendered":"<p>Sosyal belediyecilik anlay\u0131\u015f\u0131yla her ya\u015f grubuna hitap eden projeleri hayata ge\u00e7iren Ayd\u0131n B\u00fcy\u00fck\u015fehir Belediye Ba\u015fkan\u0131 \u00d6zlem \u00c7er\u00e7io\u011flu, yaz tatilinde de \u00e7ocuklar\u0131n yan\u0131nda olmay\u0131 s\u00fcrd\u00fcr\u00fcyor. B\u00fcy\u00fck\u015fehir Belediyesi taraf\u0131ndan organize edilen yaz kurslar\u0131, \u00e7ocuklar\u0131n hem e\u011flenip hem de \u00f6\u011frenmelerine katk\u0131 sa\u011fl\u0131yor.<br \/>\n<br \/>Basketbol bran\u015f\u0131nda d\u00fczenlenen kurslar, \u00f6zellikle gen\u00e7 ya\u015f grubundaki sporcular\u0131n yo\u011fun ilgisiyle kar\u015f\u0131lan\u0131yor. E\u011fitimlerde minik basketbolcular hem temel teknikleri \u00f6\u011freniyor hem de tak\u0131m \u00e7al\u0131\u015fmas\u0131 ve disiplin gibi sporun kazand\u0131rd\u0131\u011f\u0131 \u00f6nemli becerilerle tan\u0131\u015f\u0131yor.<br \/>\n<br \/>&#8220;\u00c7ocuklar\u0131m\u0131z\u0131n her alanda geli\u015fimi i\u00e7in \u00e7al\u0131\u015f\u0131yoruz&#8221;<br \/>\n<br \/>Ayd\u0131n B\u00fcy\u00fck\u015fehir Belediye Ba\u015fkan\u0131 \u00d6zlem \u00c7er\u00e7io\u011flu, \u00e7ocuklar\u0131n fiziksel ve zihinsel geli\u015fimlerine katk\u0131 sunan bu t\u00fcr etkinliklerin \u00f6nemine vurgu yapt\u0131 ve &#8220;Yaz aylar\u0131nda \u00e7ocuklar\u0131m\u0131z\u0131n yaln\u0131zca e\u011flenmesini de\u011fil, ayn\u0131 zamanda geli\u015fimlerine katk\u0131 sa\u011flayacak imkanlarla bulu\u015fmalar\u0131n\u0131 \u00f6nemsiyoruz. Basketbol gibi tak\u0131m oyunlar\u0131, \u00e7ocuklara hem spor disiplini kazand\u0131r\u0131yor hem de sosyal becerilerini geli\u015ftiriyor. Bizler de Ayd\u0131n B\u00fcy\u00fck\u015fehir Belediyesi olarak, \u00e7ocuklar\u0131m\u0131z\u0131n her alanda daha g\u00fc\u00e7l\u00fc bireyler olarak yeti\u015fmesi i\u00e7in \u00e7al\u0131\u015fmaya devam edece\u011fiz&#8221; ifadelerini kulland\u0131.<br \/>\n<br \/>Kursa kat\u0131lan \u00e7ocuklar ve aileleri, sa\u011flanan \u00fccretsiz spor e\u011fitiminden duyduklar\u0131 memnuniyeti dile getirerek Ba\u015fkan \u00c7er\u00e7io\u011flu\u2019na te\u015fekk\u00fcr etti.<br \/><\/p>\n","protected":false},"excerpt":{"rendered":"<p>Sosyal belediyecilik anlay\u0131\u015f\u0131yla her ya\u015f grubuna hitap eden projeleri hayata ge\u00e7iren Ayd\u0131n B\u00fcy\u00fck\u015fehir Belediye Ba\u015fkan\u0131 \u00d6zlem \u00c7er\u00e7io\u011flu, yaz tatilinde de \u00e7ocuklar\u0131n yan\u0131nda olmay\u0131 s\u00fcrd\u00fcr\u00fcyor. B\u00fcy\u00fck\u015fehir Belediyesi taraf\u0131ndan organize edilen yaz kurslar\u0131, \u00e7ocuklar\u0131n hem e\u011flenip hem de \u00f6\u011frenmelerine katk\u0131 sa\u011fl\u0131yor. Basketbol bran\u015f\u0131nda d\u00fczenlenen kurslar, \u00f6zellikle gen\u00e7 ya\u015f grubundaki sporcular\u0131n yo\u011fun ilgisiyle kar\u015f\u0131lan\u0131yor. E\u011fitimlerde minik basketbolcular hem&#8230;<\/p>\n","protected":false},"author":1,"featured_media":41077,"comment_status":"open","ping_status":"open","sticky":false,"template":"","format":"standard","meta":{"_crdt_document":"","footnotes":""},"categories":[1],"tags":[],"class_list":["post-41076","post","type-post","status-publish","format-standard","has-post-thumbnail","hentry","category-guncel"],"_links":{"self":[{"href":"https:\/\/www.egemtv.com\/index.php?rest_route=\/wp\/v2\/posts\/41076","targetHints":{"allow":["GET"]}}],"collection":[{"href":"https:\/\/www.egemtv.com\/index.php?rest_route=\/wp\/v2\/posts"}],"about":[{"href":"https:\/\/www.egemtv.com\/index.php?rest_route=\/wp\/v2\/types\/post"}],"author":[{"embeddable":true,"href":"https:\/\/www.egemtv.com\/index.php?rest_route=\/wp\/v2\/users\/1"}],"replies":[{"embeddable":true,"href":"https:\/\/www.egemtv.com\/index.php?rest_route=%2Fwp%2Fv2%2Fcomments&post=41076"}],"version-history":[{"count":1,"href":"https:\/\/www.egemtv.com\/index.php?rest_route=\/wp\/v2\/posts\/41076\/revisions"}],"predecessor-version":[{"id":41078,"href":"https:\/\/www.egemtv.com\/index.php?rest_route=\/wp\/v2\/posts\/41076\/revisions\/41078"}],"wp:featuredmedia":[{"embeddable":true,"href":"https:\/\/www.egemtv.com\/index.php?rest_route=\/wp\/v2\/media\/41077"}],"wp:attachment":[{"href":"https:\/\/www.egemtv.com\/index.php?rest_route=%2Fwp%2Fv2%2Fmedia&parent=41076"}],"wp:term":[{"taxonomy":"category","embeddable":true,"href":"https:\/\/www.egemtv.com\/index.php?rest_route=%2Fwp%2Fv2%2Fcategories&post=41076"},{"taxonomy":"post_tag","embeddable":true,"href":"https:\/\/www.egemtv.com\/index.php?rest_route=%2Fwp%2Fv2%2Ftags&post=41076"}],"curies":[{"name":"wp","href":"https:\/\/api.w.org\/{rel}","templated":true}]}}