{"id":41007,"date":"2025-07-09T17:55:11","date_gmt":"2025-07-09T14:55:11","guid":{"rendered":"https:\/\/www.egemtv.com\/?p=41007"},"modified":"2025-07-09T17:55:15","modified_gmt":"2025-07-09T14:55:15","slug":"mentesede-araclar-hurdaya-dondu-1-yarali","status":"publish","type":"post","link":"https:\/\/www.egemtv.com\/?p=41007","title":{"rendered":"Mente\u015fe\u2019de ara\u00e7lar hurdaya d\u00f6nd\u00fc: 1 yaral\u0131"},"content":{"rendered":"<p>Mu\u011fla\u2019n\u0131n Mente\u015fe il\u00e7esi Atat\u00fcrk Bulvar\u0131 \u0131\u015f\u0131klar\u0131nda meydana gelen trafik kazas\u0131nda ara\u00e7lar hurdaya d\u00f6nerken, kazada bir ki\u015fi yaraland\u0131.<br \/>\n<br \/>Edinilen bilgilere g\u00f6re, 34 MPE 493 plakal\u0131 ara\u00e7 ile 09 ABP 488 plakal\u0131 bir di\u011fer ara\u00e7, Atat\u00fcrk Bulvar\u0131 \u00fczerinde \u00e7arp\u0131\u015ft\u0131. Her iki s\u00fcr\u00fcc\u00fc de ye\u015fil \u0131\u015f\u0131kta ge\u00e7tiklerini iddia ederken, \u00e7arp\u0131\u015fman\u0131n etkisiyle ara\u00e7lardan biri devrilerek yan yatt\u0131. Kazay\u0131 g\u00f6ren vatanda\u015flar\u0131n 112 Acil \u00c7a\u011fr\u0131 Merkezi\u2019ne haber vermesi \u00fczerine olay yerine sa\u011fl\u0131k ve polis ekipleri sevk edildi. Kazada hafif \u015fekilde yaralanan bir ki\u015fi ambulansla hastaneye kald\u0131r\u0131ld\u0131. Polis ekipleri olay yerinde g\u00fcvenlik \u00f6nlemleri al\u0131rken, kaza nedeniyle trafik bir s\u00fcre kontroll\u00fc olarak sa\u011flan\u0131rken, ara\u00e7lar \u00e7ekici yard\u0131m\u0131 ile kald\u0131r\u0131ld\u0131.<br \/><\/p>\n","protected":false},"excerpt":{"rendered":"<p>Mu\u011fla\u2019n\u0131n Mente\u015fe il\u00e7esi Atat\u00fcrk Bulvar\u0131 \u0131\u015f\u0131klar\u0131nda meydana gelen trafik kazas\u0131nda ara\u00e7lar hurdaya d\u00f6nerken, kazada bir ki\u015fi yaraland\u0131. Edinilen bilgilere g\u00f6re, 34 MPE 493 plakal\u0131 ara\u00e7 ile 09 ABP 488 plakal\u0131 bir di\u011fer ara\u00e7, Atat\u00fcrk Bulvar\u0131 \u00fczerinde \u00e7arp\u0131\u015ft\u0131. Her iki s\u00fcr\u00fcc\u00fc de ye\u015fil \u0131\u015f\u0131kta ge\u00e7tiklerini iddia ederken, \u00e7arp\u0131\u015fman\u0131n etkisiyle ara\u00e7lardan biri devrilerek yan yatt\u0131. Kazay\u0131 g\u00f6ren&#8230;<\/p>\n","protected":false},"author":1,"featured_media":41008,"comment_status":"open","ping_status":"open","sticky":false,"template":"","format":"standard","meta":{"_crdt_document":"","footnotes":""},"categories":[5],"tags":[],"class_list":["post-41007","post","type-post","status-publish","format-standard","has-post-thumbnail","hentry","category-asayis"],"_links":{"self":[{"href":"https:\/\/www.egemtv.com\/index.php?rest_route=\/wp\/v2\/posts\/41007","targetHints":{"allow":["GET"]}}],"collection":[{"href":"https:\/\/www.egemtv.com\/index.php?rest_route=\/wp\/v2\/posts"}],"about":[{"href":"https:\/\/www.egemtv.com\/index.php?rest_route=\/wp\/v2\/types\/post"}],"author":[{"embeddable":true,"href":"https:\/\/www.egemtv.com\/index.php?rest_route=\/wp\/v2\/users\/1"}],"replies":[{"embeddable":true,"href":"https:\/\/www.egemtv.com\/index.php?rest_route=%2Fwp%2Fv2%2Fcomments&post=41007"}],"version-history":[{"count":1,"href":"https:\/\/www.egemtv.com\/index.php?rest_route=\/wp\/v2\/posts\/41007\/revisions"}],"predecessor-version":[{"id":41009,"href":"https:\/\/www.egemtv.com\/index.php?rest_route=\/wp\/v2\/posts\/41007\/revisions\/41009"}],"wp:featuredmedia":[{"embeddable":true,"href":"https:\/\/www.egemtv.com\/index.php?rest_route=\/wp\/v2\/media\/41008"}],"wp:attachment":[{"href":"https:\/\/www.egemtv.com\/index.php?rest_route=%2Fwp%2Fv2%2Fmedia&parent=41007"}],"wp:term":[{"taxonomy":"category","embeddable":true,"href":"https:\/\/www.egemtv.com\/index.php?rest_route=%2Fwp%2Fv2%2Fcategories&post=41007"},{"taxonomy":"post_tag","embeddable":true,"href":"https:\/\/www.egemtv.com\/index.php?rest_route=%2Fwp%2Fv2%2Ftags&post=41007"}],"curies":[{"name":"wp","href":"https:\/\/api.w.org\/{rel}","templated":true}]}}