{"id":41004,"date":"2025-07-09T17:55:03","date_gmt":"2025-07-09T14:55:03","guid":{"rendered":"https:\/\/www.egemtv.com\/?p=41004"},"modified":"2025-07-09T17:55:10","modified_gmt":"2025-07-09T14:55:10","slug":"ispartada-30-donumluk-tarla-yanarak-kul-oldu","status":"publish","type":"post","link":"https:\/\/www.egemtv.com\/?p=41004","title":{"rendered":"Isparta\u2019da 30 d\u00f6n\u00fcml\u00fck tarla yanarak k\u00fcl oldu"},"content":{"rendered":"<p>Isparta\u2019n\u0131n Yalva\u00e7 il\u00e7esi Ba\u011fkonak k\u00f6y\u00fcnde \u00e7\u0131kan yang\u0131nda yakla\u015f\u0131k 30 d\u00f6n\u00fcm tar\u0131m arazisi zarar g\u00f6rd\u00fc.<br \/>\n<br \/>Yang\u0131n, saat 14.15 s\u0131ralar\u0131nda Yalva\u00e7 il\u00e7esi Ba\u011fkonak k\u00f6y\u00fc G\u00f6nce mevkiinde bulunan bir tar\u0131m arazisinde meydana geldi. Edinilen bilgiye g\u00f6re, k\u00f6yde bulunan bir arazide hen\u00fcz belirlenemeyen bir nedenle yang\u0131n \u00e7\u0131kt\u0131. Alevleri g\u00f6ren vatanda\u015flar\u0131n ihbar\u0131 \u00fczerine b\u00f6lgeye itfaiye ekipleri sevk edildi. Ayn\u0131 dakikalarda Kuyucak K\u00f6y\u00fc Muhtar\u0131 Saim Ayd\u0131n, Kooperatif Ba\u015fkan\u0131 S\u00fcleyman Yurtseven ve k\u00f6y halk\u0131, 2 su tankeriyle yang\u0131n yerine ula\u015ft\u0131. Hasad\u0131 yap\u0131lmam\u0131\u015f tarlalar\u0131n zarar g\u00f6rmemesi i\u00e7in b\u00fcy\u00fck \u00e7aba sarf eden k\u00f6yl\u00fcler, yang\u0131n\u0131n yay\u0131lmas\u0131n\u0131 \u00f6nlemek amac\u0131yla trakt\u00f6rlerle arazileri s\u00fcrd\u00fc. Yang\u0131na k\u0131sa s\u00fcrede m\u00fcdahale eden itfaiye ekipleri, s\u00f6nd\u00fcrme ve so\u011futma \u00e7al\u0131\u015fmalar\u0131n\u0131 tamamlad\u0131. Yang\u0131nda 30 d\u00f6n\u00fcm tar\u0131m arazisi zarar g\u00f6r\u00fcrken, jandarma olayla ilgili inceleme ba\u015flatt\u0131.<\/p>\n<p>&#8220;K\u00f6y\u00fcm\u00fczde bu t\u00fcr durumlara kar\u015f\u0131 haz\u0131r bekleyen 4 su tankeri ve gerekli ekipmanlar\u0131m\u0131z zaten mevcuttu&#8221;<br \/>\n<br \/>Yalva\u00e7 Kooperatif Ba\u015fkan\u0131 S\u00fcleyman Yurtseven, &#8220;Arkada\u015flarla k\u00f6yde oturup sohbet ederken bir anda yang\u0131n \u00e7\u0131kt\u0131\u011f\u0131na dair g\u00f6rg\u00fc tan\u0131klar\u0131ndan telefon geldi. K\u00f6y\u00fcm\u00fczde bu t\u00fcr durumlara kar\u015f\u0131 haz\u0131r bekleyen 4 su tankeri ve gerekli ekipmanlar\u0131m\u0131z zaten mevcuttu. Haberi al\u0131r almaz h\u0131zla olay yerine geldik ve g\u00f6rd\u00fc\u011f\u00fcn\u00fcz gibi yang\u0131n\u0131 kontrol alt\u0131na ald\u0131k. Arazinin bir k\u0131sm\u0131 kurakt\u0131 ve bu\u011fdaylar\u0131m\u0131z yand\u0131. Zor bir durum, Allah kimsenin ba\u015f\u0131na vermesin. Gen\u00e7lerin de deste\u011fiyle yang\u0131n\u0131 kontrol alt\u0131na al\u0131p s\u00f6nd\u00fcrd\u00fck&#8221; dedi.<br \/><\/p>\n","protected":false},"excerpt":{"rendered":"<p>Isparta\u2019n\u0131n Yalva\u00e7 il\u00e7esi Ba\u011fkonak k\u00f6y\u00fcnde \u00e7\u0131kan yang\u0131nda yakla\u015f\u0131k 30 d\u00f6n\u00fcm tar\u0131m arazisi zarar g\u00f6rd\u00fc. Yang\u0131n, saat 14.15 s\u0131ralar\u0131nda Yalva\u00e7 il\u00e7esi Ba\u011fkonak k\u00f6y\u00fc G\u00f6nce mevkiinde bulunan bir tar\u0131m arazisinde meydana geldi. Edinilen bilgiye g\u00f6re, k\u00f6yde bulunan bir arazide hen\u00fcz belirlenemeyen bir nedenle yang\u0131n \u00e7\u0131kt\u0131. Alevleri g\u00f6ren vatanda\u015flar\u0131n ihbar\u0131 \u00fczerine b\u00f6lgeye itfaiye ekipleri sevk edildi. Ayn\u0131 dakikalarda&#8230;<\/p>\n","protected":false},"author":1,"featured_media":41005,"comment_status":"open","ping_status":"open","sticky":false,"template":"","format":"standard","meta":{"_crdt_document":"","footnotes":""},"categories":[5],"tags":[],"class_list":["post-41004","post","type-post","status-publish","format-standard","has-post-thumbnail","hentry","category-asayis"],"_links":{"self":[{"href":"https:\/\/www.egemtv.com\/index.php?rest_route=\/wp\/v2\/posts\/41004","targetHints":{"allow":["GET"]}}],"collection":[{"href":"https:\/\/www.egemtv.com\/index.php?rest_route=\/wp\/v2\/posts"}],"about":[{"href":"https:\/\/www.egemtv.com\/index.php?rest_route=\/wp\/v2\/types\/post"}],"author":[{"embeddable":true,"href":"https:\/\/www.egemtv.com\/index.php?rest_route=\/wp\/v2\/users\/1"}],"replies":[{"embeddable":true,"href":"https:\/\/www.egemtv.com\/index.php?rest_route=%2Fwp%2Fv2%2Fcomments&post=41004"}],"version-history":[{"count":1,"href":"https:\/\/www.egemtv.com\/index.php?rest_route=\/wp\/v2\/posts\/41004\/revisions"}],"predecessor-version":[{"id":41006,"href":"https:\/\/www.egemtv.com\/index.php?rest_route=\/wp\/v2\/posts\/41004\/revisions\/41006"}],"wp:featuredmedia":[{"embeddable":true,"href":"https:\/\/www.egemtv.com\/index.php?rest_route=\/wp\/v2\/media\/41005"}],"wp:attachment":[{"href":"https:\/\/www.egemtv.com\/index.php?rest_route=%2Fwp%2Fv2%2Fmedia&parent=41004"}],"wp:term":[{"taxonomy":"category","embeddable":true,"href":"https:\/\/www.egemtv.com\/index.php?rest_route=%2Fwp%2Fv2%2Fcategories&post=41004"},{"taxonomy":"post_tag","embeddable":true,"href":"https:\/\/www.egemtv.com\/index.php?rest_route=%2Fwp%2Fv2%2Ftags&post=41004"}],"curies":[{"name":"wp","href":"https:\/\/api.w.org\/{rel}","templated":true}]}}