{"id":40998,"date":"2025-07-09T17:16:39","date_gmt":"2025-07-09T14:16:39","guid":{"rendered":"https:\/\/www.egemtv.com\/?p=40998"},"modified":"2025-07-09T17:16:41","modified_gmt":"2025-07-09T14:16:41","slug":"aydin-imam-hatip-lisesi-emekli-ogretmenlerinden-tahsin-kayhan-vefat-etti","status":"publish","type":"post","link":"https:\/\/www.egemtv.com\/?p=40998","title":{"rendered":"Ayd\u0131n \u0130mam Hatip Lisesi emekli \u00f6\u011fretmenlerinden Tahsin Kayhan vefat etti"},"content":{"rendered":"<p>Ayd\u0131n \u0130mam Hatip Lisesi Meslek Dersleri Emekli \u00f6\u011fretmenlerinden Haf\u0131z Tahsin Kayhan, hayat\u0131n\u0131 kaybetti. Bir s\u00fcredir Adnan Menderes \u00dcniversitesi (AD\u00dc) T\u0131p Fak\u00fcltesi Hastanesi\u2019nde tedavisi devam eden Kayhan\u2019\u0131n yar\u0131n topra\u011fa verilece\u011fi duyuruldu.<\/p>\n<p>Ayd\u0131n \u0130mam Hatip Lisesi\u2019nde uzun y\u0131llar \u00f6\u011fretmenlik yapan Tahsin Kayhan, ya\u015fl\u0131l\u0131\u011fa ba\u011fl\u0131 baz\u0131 rahats\u0131zl\u0131klar\u0131 nedeniyle tedavi g\u00f6r\u00fcyordu. Ge\u00e7ti\u011fimiz hafta torunu Muzaffer Anc\u0131n\u2019\u0131 kaybeden Tahsin Kayhan ayn\u0131 zamanda Mustafa Anc\u0131n\u2019\u0131n 12 Mart 2009 tarihinde hayat\u0131n\u0131 kaybeden e\u015fi Eser Anc\u0131n\u2019\u0131n da babas\u0131yd\u0131.<\/p>\n<p>Ayd\u0131n \u0130mam Hatip Lisesi\u2019nde uzun y\u0131llar Melek Dersleri \u00f6\u011fretmenli\u011fi yapan Tahsin Kayhan\u2019\u0131n \u00f6l\u00fcm\u00fc sevenlerini \u00fczd\u00fc. Tahsin Kayhan yar\u0131n ikindi namaz\u0131na m\u00fcteakip Bey Camii\u2019nde k\u0131l\u0131nacak cenaze namaz\u0131n\u0131n ard\u0131ndan Kemer Mezarl\u0131\u011f\u0131\u2019nda topra\u011fa verilece\u011fi duyuruldu.<br \/><\/p>\n","protected":false},"excerpt":{"rendered":"<p>Ayd\u0131n \u0130mam Hatip Lisesi Meslek Dersleri Emekli \u00f6\u011fretmenlerinden Haf\u0131z Tahsin Kayhan, hayat\u0131n\u0131 kaybetti. Bir s\u00fcredir Adnan Menderes \u00dcniversitesi (AD\u00dc) T\u0131p Fak\u00fcltesi Hastanesi\u2019nde tedavisi devam eden Kayhan\u2019\u0131n yar\u0131n topra\u011fa verilece\u011fi duyuruldu. Ayd\u0131n \u0130mam Hatip Lisesi\u2019nde uzun y\u0131llar \u00f6\u011fretmenlik yapan Tahsin Kayhan, ya\u015fl\u0131l\u0131\u011fa ba\u011fl\u0131 baz\u0131 rahats\u0131zl\u0131klar\u0131 nedeniyle tedavi g\u00f6r\u00fcyordu. Ge\u00e7ti\u011fimiz hafta torunu Muzaffer Anc\u0131n\u2019\u0131 kaybeden Tahsin Kayhan&#8230;<\/p>\n","protected":false},"author":1,"featured_media":40999,"comment_status":"open","ping_status":"open","sticky":false,"template":"","format":"standard","meta":{"_crdt_document":"","footnotes":""},"categories":[123],"tags":[],"class_list":["post-40998","post","type-post","status-publish","format-standard","has-post-thumbnail","hentry","category-gundem"],"_links":{"self":[{"href":"https:\/\/www.egemtv.com\/index.php?rest_route=\/wp\/v2\/posts\/40998","targetHints":{"allow":["GET"]}}],"collection":[{"href":"https:\/\/www.egemtv.com\/index.php?rest_route=\/wp\/v2\/posts"}],"about":[{"href":"https:\/\/www.egemtv.com\/index.php?rest_route=\/wp\/v2\/types\/post"}],"author":[{"embeddable":true,"href":"https:\/\/www.egemtv.com\/index.php?rest_route=\/wp\/v2\/users\/1"}],"replies":[{"embeddable":true,"href":"https:\/\/www.egemtv.com\/index.php?rest_route=%2Fwp%2Fv2%2Fcomments&post=40998"}],"version-history":[{"count":1,"href":"https:\/\/www.egemtv.com\/index.php?rest_route=\/wp\/v2\/posts\/40998\/revisions"}],"predecessor-version":[{"id":41000,"href":"https:\/\/www.egemtv.com\/index.php?rest_route=\/wp\/v2\/posts\/40998\/revisions\/41000"}],"wp:featuredmedia":[{"embeddable":true,"href":"https:\/\/www.egemtv.com\/index.php?rest_route=\/wp\/v2\/media\/40999"}],"wp:attachment":[{"href":"https:\/\/www.egemtv.com\/index.php?rest_route=%2Fwp%2Fv2%2Fmedia&parent=40998"}],"wp:term":[{"taxonomy":"category","embeddable":true,"href":"https:\/\/www.egemtv.com\/index.php?rest_route=%2Fwp%2Fv2%2Fcategories&post=40998"},{"taxonomy":"post_tag","embeddable":true,"href":"https:\/\/www.egemtv.com\/index.php?rest_route=%2Fwp%2Fv2%2Ftags&post=40998"}],"curies":[{"name":"wp","href":"https:\/\/api.w.org\/{rel}","templated":true}]}}