{"id":40995,"date":"2025-07-09T17:16:35","date_gmt":"2025-07-09T14:16:35","guid":{"rendered":"https:\/\/www.egemtv.com\/?p=40995"},"modified":"2025-07-09T17:16:39","modified_gmt":"2025-07-09T14:16:39","slug":"burdur-antalya-karayolunda-iki-otomobil-carpisti-2si-cocuk-5-yarali","status":"publish","type":"post","link":"https:\/\/www.egemtv.com\/?p=40995","title":{"rendered":"Burdur-Antalya Karayolu\u2019nda iki otomobil \u00e7arp\u0131\u015ft\u0131: 2\u2019si \u00e7ocuk 5 yaral\u0131"},"content":{"rendered":"<p>Burdur-Antalya Karayolu\u2019nda iki otomobilin \u00e7arp\u0131\u015fmas\u0131 sonucu meydana gelen kazada ikisi \u00e7ocuk toplam 5 ki\u015fi yaraland\u0131. Yaral\u0131lar\u0131n hastaneye kald\u0131r\u0131ld\u0131\u011f\u0131 ve sa\u011fl\u0131k durumlar\u0131n\u0131n iyi oldu\u011fu \u00f6\u011frenildi.<br \/>\n<br \/>Kaza, saat 12.10 s\u0131ralar\u0131nda Burdur-Antalya Karayolu \u00fczerindeki Da\u011farc\u0131k K\u00f6y\u00fc yol ayr\u0131m\u0131nda meydana geldi. Edinilen bilgiye g\u00f6re, R\u0131za K. (55) idaresindeki 07 BIJ 805 plakal\u0131 otomobil ile Burak K. (28) y\u00f6netimindeki 34 CMT 606 plakal\u0131 Mitsubishi marka otomobil \u00e7arp\u0131\u015ft\u0131. \u00c7arp\u0131\u015fman\u0131n etkisiyle her iki ara\u00e7ta bulunan toplam 5 ki\u015fi yaraland\u0131. Kazada, 07 BIJ 805 plakal\u0131 otomobilin s\u00fcr\u00fcc\u00fcs\u00fc R\u0131za K. ile di\u011fer ara\u00e7taki s\u00fcr\u00fcc\u00fc Burak K. ve yolcular Ya\u011fmur Zeyno K. (23), R\u00fcya K. (3) ve Altu\u011f K. (1) yaraland\u0131. Kazay\u0131 g\u00f6ren vatanda\u015flar\u0131n 112 Acil \u00c7a\u011fr\u0131 Merkezi\u2019ne ihbar\u0131 \u00fczerine olay yerine polis, itfaiye ve sa\u011fl\u0131k ekipleri sevk edildi. Ara\u00e7ta s\u0131k\u0131\u015fan yaral\u0131lar, itfaiye ekiplerinin \u00e7al\u0131\u015fmas\u0131yla bulunduklar\u0131 yerden \u00e7\u0131kar\u0131ld\u0131ktan sonra sa\u011fl\u0131k ekiplerine teslim edildi. Yaral\u0131lara olay yerinde ilk m\u00fcdahale yap\u0131ld\u0131ktan sonra ambulanslarla hastaneye sevk edildi. Yaral\u0131lar\u0131n sa\u011fl\u0131k durumlar\u0131n\u0131n iyi oldu\u011fu \u00f6\u011frenildi. Kazayla ilgili inceleme ba\u015flat\u0131ld\u0131.<br \/><\/p>\n","protected":false},"excerpt":{"rendered":"<p>Burdur-Antalya Karayolu\u2019nda iki otomobilin \u00e7arp\u0131\u015fmas\u0131 sonucu meydana gelen kazada ikisi \u00e7ocuk toplam 5 ki\u015fi yaraland\u0131. Yaral\u0131lar\u0131n hastaneye kald\u0131r\u0131ld\u0131\u011f\u0131 ve sa\u011fl\u0131k durumlar\u0131n\u0131n iyi oldu\u011fu \u00f6\u011frenildi. Kaza, saat 12.10 s\u0131ralar\u0131nda Burdur-Antalya Karayolu \u00fczerindeki Da\u011farc\u0131k K\u00f6y\u00fc yol ayr\u0131m\u0131nda meydana geldi. Edinilen bilgiye g\u00f6re, R\u0131za K. (55) idaresindeki 07 BIJ 805 plakal\u0131 otomobil ile Burak K. (28) y\u00f6netimindeki 34&#8230;<\/p>\n","protected":false},"author":1,"featured_media":40996,"comment_status":"open","ping_status":"open","sticky":false,"template":"","format":"standard","meta":{"_crdt_document":"","footnotes":""},"categories":[5],"tags":[],"class_list":["post-40995","post","type-post","status-publish","format-standard","has-post-thumbnail","hentry","category-asayis"],"_links":{"self":[{"href":"https:\/\/www.egemtv.com\/index.php?rest_route=\/wp\/v2\/posts\/40995","targetHints":{"allow":["GET"]}}],"collection":[{"href":"https:\/\/www.egemtv.com\/index.php?rest_route=\/wp\/v2\/posts"}],"about":[{"href":"https:\/\/www.egemtv.com\/index.php?rest_route=\/wp\/v2\/types\/post"}],"author":[{"embeddable":true,"href":"https:\/\/www.egemtv.com\/index.php?rest_route=\/wp\/v2\/users\/1"}],"replies":[{"embeddable":true,"href":"https:\/\/www.egemtv.com\/index.php?rest_route=%2Fwp%2Fv2%2Fcomments&post=40995"}],"version-history":[{"count":1,"href":"https:\/\/www.egemtv.com\/index.php?rest_route=\/wp\/v2\/posts\/40995\/revisions"}],"predecessor-version":[{"id":40997,"href":"https:\/\/www.egemtv.com\/index.php?rest_route=\/wp\/v2\/posts\/40995\/revisions\/40997"}],"wp:featuredmedia":[{"embeddable":true,"href":"https:\/\/www.egemtv.com\/index.php?rest_route=\/wp\/v2\/media\/40996"}],"wp:attachment":[{"href":"https:\/\/www.egemtv.com\/index.php?rest_route=%2Fwp%2Fv2%2Fmedia&parent=40995"}],"wp:term":[{"taxonomy":"category","embeddable":true,"href":"https:\/\/www.egemtv.com\/index.php?rest_route=%2Fwp%2Fv2%2Fcategories&post=40995"},{"taxonomy":"post_tag","embeddable":true,"href":"https:\/\/www.egemtv.com\/index.php?rest_route=%2Fwp%2Fv2%2Ftags&post=40995"}],"curies":[{"name":"wp","href":"https:\/\/api.w.org\/{rel}","templated":true}]}}