{"id":40992,"date":"2025-07-09T16:57:17","date_gmt":"2025-07-09T13:57:17","guid":{"rendered":"https:\/\/www.egemtv.com\/?p=40992"},"modified":"2025-07-09T16:57:21","modified_gmt":"2025-07-09T13:57:21","slug":"hapimag-sea-garden-behruz-kuulun-donusumune-ev-sahipligi-yapiyor","status":"publish","type":"post","link":"https:\/\/www.egemtv.com\/?p=40992","title":{"rendered":"Hapimag Sea Garden, Behruz Kuul\u2019un \u2019D\u00f6n\u00fc\u015f\u00fcm\u2019\u00fcne ev sahipli\u011fi yap\u0131yor"},"content":{"rendered":"<p>Uluslararas\u0131 \u00fcne sahip sanat\u00e7\u0131 Behruz Kuul\u2019un \u2019D\u00d6NG\u00dc: D\u00f6n\u00fc\u015f\u00fcm\u2019 sergisi, sanat tarih\u00e7isi Kemal Orta\u2019n\u0131n k\u00fcrat\u00f6rl\u00fc\u011f\u00fcnde 6 Temmuz-6 A\u011fustos tarihleri aras\u0131nda Hapimag Sea Garden Bodrum\u2019da ziyaret\u00e7ileriyle bulu\u015facak.<br \/>\n<br \/>Hapimag Sea Garden Bodrum, bu yaz \u00e7a\u011fda\u015f sanat\u0131n dikkat \u00e7eken temsilcilerinden Behruz Kuul\u2019u a\u011f\u0131rl\u0131yor. Kuul\u2019un sanat yakla\u015f\u0131m\u0131n\u0131; d\u00f6nemleri, de\u011fi\u015fimleri ve ge\u00e7ti\u011fi s\u00fcre\u00e7leriyle ele al\u0131p, \u00e7oklu mek\u00e2n konseptiyle \u015fehrin farkl\u0131 lokasyonlar\u0131na yay\u0131lan \u2019D\u00d6NG\u00dc\u2019 sergisi, \u2019D\u00f6n\u00fc\u015f\u00fcm\u2019 ba\u015fl\u0131\u011f\u0131yla 6 Temmuz &#8211; 6 A\u011fustos tarihleri aras\u0131nda otelin Hall 30 sergi salonunda sanatseverlerle bulu\u015facak. Projenin sanat direkt\u00f6rl\u00fc\u011f\u00fcn\u00fc ve serginin k\u00fcrat\u00f6rl\u00fc\u011f\u00fcn\u00fc Kemal Orta \u00fcstleniyor.<br \/>\n<br \/>Sanat\u00e7\u0131n\u0131n \u00fcretim s\u00fcrecindeki tekrarlar, sezgisel d\u00f6n\u00fc\u015f\u00fcmler ve do\u011fayla kurdu\u011fu ili\u015fki, \u2019D\u00f6n\u00fc\u015f\u00fcm\u2019 sergisiyle somut forma kavu\u015fuyor. Salk\u0131m s\u00f6\u011f\u00fct a\u011fac\u0131, Kuul\u2019un bu sergideki ba\u015fl\u0131ca imgesi olarak \u00f6ne \u00e7\u0131k\u0131yor. Tuvalin tamam\u0131na yay\u0131lan fig\u00fcr hem estetik bir motif hem de Kuul\u2019un sanatsal evrimini ortaya koyan bir \u00f6rnek olarak kar\u015f\u0131m\u0131za \u00e7\u0131k\u0131yor.<br \/>\n<br \/>Nah\u00e7\u0131van do\u011fumlu olan ve T\u00fcrkiye\u2019deki \u00fcretimleriyle tan\u0131nan Kuul bug\u00fcne kadar Budape\u015fte, Amsterdam, \u0130stanbul, Ankara gibi \u00f6nemli merkezlerde sergiler ger\u00e7ekle\u015ftirdi. Otelde sergilenecek \u00f6zel se\u00e7ki sanat\u00e7\u0131n\u0131n hem do\u011faya duydu\u011fu hayranl\u0131\u011f\u0131 hem de sanat prati\u011findeki sade ama g\u00fc\u00e7l\u00fc anlat\u0131m\u0131yla dikkat \u00e7ekiyor. Sergi, otelin do\u011fay\u0131 \u00f6ncelikleyen ve do\u011fayla i\u00e7 i\u00e7e olan mek\u00e2nsal konseptiyle b\u00fct\u00fcnle\u015ferek, izleyiciye kavramsal ve estetik bir \u015f\u00f6len sunuyor.<br \/><\/p>\n","protected":false},"excerpt":{"rendered":"<p>Uluslararas\u0131 \u00fcne sahip sanat\u00e7\u0131 Behruz Kuul\u2019un \u2019D\u00d6NG\u00dc: D\u00f6n\u00fc\u015f\u00fcm\u2019 sergisi, sanat tarih\u00e7isi Kemal Orta\u2019n\u0131n k\u00fcrat\u00f6rl\u00fc\u011f\u00fcnde 6 Temmuz-6 A\u011fustos tarihleri aras\u0131nda Hapimag Sea Garden Bodrum\u2019da ziyaret\u00e7ileriyle bulu\u015facak. Hapimag Sea Garden Bodrum, bu yaz \u00e7a\u011fda\u015f sanat\u0131n dikkat \u00e7eken temsilcilerinden Behruz Kuul\u2019u a\u011f\u0131rl\u0131yor. Kuul\u2019un sanat yakla\u015f\u0131m\u0131n\u0131; d\u00f6nemleri, de\u011fi\u015fimleri ve ge\u00e7ti\u011fi s\u00fcre\u00e7leriyle ele al\u0131p, \u00e7oklu mek\u00e2n konseptiyle \u015fehrin farkl\u0131 lokasyonlar\u0131na&#8230;<\/p>\n","protected":false},"author":1,"featured_media":40993,"comment_status":"open","ping_status":"open","sticky":false,"template":"","format":"standard","meta":{"_crdt_document":"","footnotes":""},"categories":[1],"tags":[],"class_list":["post-40992","post","type-post","status-publish","format-standard","has-post-thumbnail","hentry","category-guncel"],"_links":{"self":[{"href":"https:\/\/www.egemtv.com\/index.php?rest_route=\/wp\/v2\/posts\/40992","targetHints":{"allow":["GET"]}}],"collection":[{"href":"https:\/\/www.egemtv.com\/index.php?rest_route=\/wp\/v2\/posts"}],"about":[{"href":"https:\/\/www.egemtv.com\/index.php?rest_route=\/wp\/v2\/types\/post"}],"author":[{"embeddable":true,"href":"https:\/\/www.egemtv.com\/index.php?rest_route=\/wp\/v2\/users\/1"}],"replies":[{"embeddable":true,"href":"https:\/\/www.egemtv.com\/index.php?rest_route=%2Fwp%2Fv2%2Fcomments&post=40992"}],"version-history":[{"count":1,"href":"https:\/\/www.egemtv.com\/index.php?rest_route=\/wp\/v2\/posts\/40992\/revisions"}],"predecessor-version":[{"id":40994,"href":"https:\/\/www.egemtv.com\/index.php?rest_route=\/wp\/v2\/posts\/40992\/revisions\/40994"}],"wp:featuredmedia":[{"embeddable":true,"href":"https:\/\/www.egemtv.com\/index.php?rest_route=\/wp\/v2\/media\/40993"}],"wp:attachment":[{"href":"https:\/\/www.egemtv.com\/index.php?rest_route=%2Fwp%2Fv2%2Fmedia&parent=40992"}],"wp:term":[{"taxonomy":"category","embeddable":true,"href":"https:\/\/www.egemtv.com\/index.php?rest_route=%2Fwp%2Fv2%2Fcategories&post=40992"},{"taxonomy":"post_tag","embeddable":true,"href":"https:\/\/www.egemtv.com\/index.php?rest_route=%2Fwp%2Fv2%2Ftags&post=40992"}],"curies":[{"name":"wp","href":"https:\/\/api.w.org\/{rel}","templated":true}]}}