{"id":40989,"date":"2025-07-09T16:57:12","date_gmt":"2025-07-09T13:57:12","guid":{"rendered":"https:\/\/www.egemtv.com\/?p=40989"},"modified":"2025-07-09T16:57:16","modified_gmt":"2025-07-09T13:57:16","slug":"sarigol-akademi-spor-kulubu-faaliyetlerine-basladi","status":"publish","type":"post","link":"https:\/\/www.egemtv.com\/?p=40989","title":{"rendered":"Sar\u0131g\u00f6l Akademi Spor Kul\u00fcb\u00fc faaliyetlerine ba\u015flad\u0131"},"content":{"rendered":"<p>Manisa\u2019n\u0131n Sar\u0131g\u00f6l il\u00e7esinde spor alan\u0131nda \u00f6nemli bir ad\u0131m at\u0131ld\u0131. Uzun y\u0131llard\u0131r spor camias\u0131n\u0131n i\u00e7inde yer alan \u015eeref Aslan ve Kamil \u0130bik taraf\u0131ndan 17 Haziran 2025 tarihinde Sar\u0131g\u00f6l Akademi Spor Kul\u00fcb\u00fc kuruldu. Sar\u0131g\u00f6l\u2019deki \u00e7ocuklara spor imkan\u0131 sunmak ve yeni sporcular yeti\u015ftirmek amac\u0131yla yola \u00e7\u0131kan kul\u00fcp, il\u00e7ede faaliyet g\u00f6steren ikinci spor kul\u00fcb\u00fc olma \u00f6zelli\u011fini ta\u015f\u0131yor.<br \/>\n<br \/>Kurulu\u015f ama\u00e7lar\u0131n\u0131n Sar\u0131g\u00f6l\u2019de ya\u015fayan \u00e7ocuklar\u0131n spora y\u00f6nlendirilmesi ve yeteneklerinin desteklenmesi oldu\u011funu vurgulayan kul\u00fcp yetkilileri, daha \u00f6nce yeti\u015ftirdikleri sporcular\u0131n \u00fczerine yenilerini eklemeyi hedeflediklerini belirtti. Sar\u0131g\u00f6l\u2019\u00fcn gen\u00e7 yetenekleri aras\u0131nda yer alan Yakup, Melih, Ada, Yunus Emre, Mustafa, H\u00fcseyin, Levent Enes ve Tuana gibi isimlerin ard\u0131ndan, yeni y\u0131ld\u0131zlar yeti\u015ftirmek istediklerini ifade ettiler.<br \/>\n<br \/>Akademi Spor Kul\u00fcb\u00fc\u2019n\u00fcn b\u00fcnyesinde futbol bran\u015f\u0131nda U11, U12, U13, U14 ve U15 kategorilerinde toplam 150 sporcu; y\u00fczme bran\u015f\u0131nda 80 sporcu ve voleybol bran\u015f\u0131nda 35 sporcu yer al\u0131yor. Kul\u00fcp yetkilileri, bu say\u0131y\u0131 daha da art\u0131rarak Sar\u0131g\u00f6l\u2019de spor yapmayan \u00e7ocuk kalmamas\u0131 i\u00e7in yo\u011fun \u00e7aba harcayacaklar\u0131n\u0131 a\u00e7\u0131klad\u0131.<br \/>\n<br \/>\u015eeref Aslan ve Kamil \u0130bik, kul\u00fcb\u00fcn kurulu\u015f s\u00fcrecine verdikleri manevi destekten \u00f6t\u00fcr\u00fc Sar\u0131g\u00f6l Kaymakam\u0131 Halil Dalak ve Sar\u0131g\u00f6l Belediye Ba\u015fkan\u0131 Tahsin Akdeniz\u2019e te\u015fekk\u00fcr etti. Ayr\u0131ca maddi destekleriyle kul\u00fcb\u00fcn kurulmas\u0131na katk\u0131 sa\u011flayan \u0130brahim Ert\u00fcrk ve Arda Ba\u015faran\u2019a da te\u015fekk\u00fcrlerini iletti.<br \/>\n<br \/>2025\/2026 futbol sezonunda resmi liglere kat\u0131l\u0131m sa\u011flayacak olan Sar\u0131g\u00f6l Akademi Spor Kul\u00fcb\u00fc, di\u011fer bran\u015flarda da en k\u0131sa s\u00fcrede lig ve organizasyonlarda yer almay\u0131 hedefliyor.<br \/><\/p>\n","protected":false},"excerpt":{"rendered":"<p>Manisa\u2019n\u0131n Sar\u0131g\u00f6l il\u00e7esinde spor alan\u0131nda \u00f6nemli bir ad\u0131m at\u0131ld\u0131. Uzun y\u0131llard\u0131r spor camias\u0131n\u0131n i\u00e7inde yer alan \u015eeref Aslan ve Kamil \u0130bik taraf\u0131ndan 17 Haziran 2025 tarihinde Sar\u0131g\u00f6l Akademi Spor Kul\u00fcb\u00fc kuruldu. Sar\u0131g\u00f6l\u2019deki \u00e7ocuklara spor imkan\u0131 sunmak ve yeni sporcular yeti\u015ftirmek amac\u0131yla yola \u00e7\u0131kan kul\u00fcp, il\u00e7ede faaliyet g\u00f6steren ikinci spor kul\u00fcb\u00fc olma \u00f6zelli\u011fini ta\u015f\u0131yor. Kurulu\u015f ama\u00e7lar\u0131n\u0131n&#8230;<\/p>\n","protected":false},"author":1,"featured_media":40990,"comment_status":"open","ping_status":"open","sticky":false,"template":"","format":"standard","meta":{"_crdt_document":"","footnotes":""},"categories":[4],"tags":[],"class_list":["post-40989","post","type-post","status-publish","format-standard","has-post-thumbnail","hentry","category-spor"],"_links":{"self":[{"href":"https:\/\/www.egemtv.com\/index.php?rest_route=\/wp\/v2\/posts\/40989","targetHints":{"allow":["GET"]}}],"collection":[{"href":"https:\/\/www.egemtv.com\/index.php?rest_route=\/wp\/v2\/posts"}],"about":[{"href":"https:\/\/www.egemtv.com\/index.php?rest_route=\/wp\/v2\/types\/post"}],"author":[{"embeddable":true,"href":"https:\/\/www.egemtv.com\/index.php?rest_route=\/wp\/v2\/users\/1"}],"replies":[{"embeddable":true,"href":"https:\/\/www.egemtv.com\/index.php?rest_route=%2Fwp%2Fv2%2Fcomments&post=40989"}],"version-history":[{"count":1,"href":"https:\/\/www.egemtv.com\/index.php?rest_route=\/wp\/v2\/posts\/40989\/revisions"}],"predecessor-version":[{"id":40991,"href":"https:\/\/www.egemtv.com\/index.php?rest_route=\/wp\/v2\/posts\/40989\/revisions\/40991"}],"wp:featuredmedia":[{"embeddable":true,"href":"https:\/\/www.egemtv.com\/index.php?rest_route=\/wp\/v2\/media\/40990"}],"wp:attachment":[{"href":"https:\/\/www.egemtv.com\/index.php?rest_route=%2Fwp%2Fv2%2Fmedia&parent=40989"}],"wp:term":[{"taxonomy":"category","embeddable":true,"href":"https:\/\/www.egemtv.com\/index.php?rest_route=%2Fwp%2Fv2%2Fcategories&post=40989"},{"taxonomy":"post_tag","embeddable":true,"href":"https:\/\/www.egemtv.com\/index.php?rest_route=%2Fwp%2Fv2%2Ftags&post=40989"}],"curies":[{"name":"wp","href":"https:\/\/api.w.org\/{rel}","templated":true}]}}