{"id":40986,"date":"2025-07-09T16:57:07","date_gmt":"2025-07-09T13:57:07","guid":{"rendered":"https:\/\/www.egemtv.com\/?p=40986"},"modified":"2025-07-09T16:57:12","modified_gmt":"2025-07-09T13:57:12","slug":"tarihi-pinar-pazari-panayiri-13-temmuzda-kapilarini-aciyor","status":"publish","type":"post","link":"https:\/\/www.egemtv.com\/?p=40986","title":{"rendered":"Tarihi P\u0131nar Pazar\u0131 Panay\u0131r\u0131 13 Temmuz\u2019da kap\u0131lar\u0131n\u0131 a\u00e7\u0131yor"},"content":{"rendered":"<p>Isparta\u2019n\u0131n E\u011firdir il\u00e7esinde geleneksel hale gelen Tarihi P\u0131nar Pazar\u0131 Panay\u0131r\u0131, bu y\u0131l 13 Temmuz Pazar g\u00fcn\u00fc ba\u015fl\u0131yor. Panay\u0131r, 14 hafta boyunca her pazar g\u00fcn\u00fc kurulacak ve 26 Ekim 2025 tarihine kadar devam edecek.<br \/>\n<br \/>E\u011firdir il\u00e7e merkezine yakla\u015f\u0131k 7 kilometre uzakl\u0131kta bulunan P\u0131nar Pazar\u0131 Mahallesi mesire alan\u0131nda kurulacak olan panay\u0131r, do\u011fayla i\u00e7 i\u00e7e ortam\u0131, al\u0131\u015fveri\u015f ve yeme-i\u00e7me se\u00e7enekleriyle b\u00f6lge halk\u0131n\u0131n yan\u0131 s\u0131ra \u00e7evre illerden gelen ziyaret\u00e7ilere de ev sahipli\u011fi yapacak. Panay\u0131rda, E\u011firdir ve \u00e7evre k\u00f6ylerde \u00fcretilen organik meyve-sebzeler, ev yap\u0131m\u0131 yiyecekler, giyim, z\u00fccaciye ve el i\u015fi \u00fcr\u00fcnleri stantlarda sat\u0131\u015fa sunulacak. A\u00e7\u0131k hava lokantalar\u0131nda ise tand\u0131r kebab\u0131 gibi y\u00f6resel lezzetler sunulacak. Panay\u0131r s\u00fcresince il\u00e7ede her Per\u015fembe g\u00fcn\u00fc kurulan semt pazar\u0131 da Kale \u00f6n\u00fc meydan\u0131nda d\u00fczenli olarak devam edecek. B\u00f6lge ekonomisine can suyu olan ve sosyal bir bulu\u015fma noktas\u0131 g\u00f6revi g\u00f6ren Tarihi P\u0131nar Pazar\u0131 Panay\u0131r\u0131\u2019n\u0131n bu y\u0131l da binlerce ziyaret\u00e7iyi a\u011f\u0131rlamas\u0131 bekleniyor.<br \/><\/p>\n","protected":false},"excerpt":{"rendered":"<p>Isparta\u2019n\u0131n E\u011firdir il\u00e7esinde geleneksel hale gelen Tarihi P\u0131nar Pazar\u0131 Panay\u0131r\u0131, bu y\u0131l 13 Temmuz Pazar g\u00fcn\u00fc ba\u015fl\u0131yor. Panay\u0131r, 14 hafta boyunca her pazar g\u00fcn\u00fc kurulacak ve 26 Ekim 2025 tarihine kadar devam edecek. E\u011firdir il\u00e7e merkezine yakla\u015f\u0131k 7 kilometre uzakl\u0131kta bulunan P\u0131nar Pazar\u0131 Mahallesi mesire alan\u0131nda kurulacak olan panay\u0131r, do\u011fayla i\u00e7 i\u00e7e ortam\u0131, al\u0131\u015fveri\u015f ve&#8230;<\/p>\n","protected":false},"author":1,"featured_media":40987,"comment_status":"open","ping_status":"open","sticky":false,"template":"","format":"standard","meta":{"_crdt_document":"","footnotes":""},"categories":[1],"tags":[],"class_list":["post-40986","post","type-post","status-publish","format-standard","has-post-thumbnail","hentry","category-guncel"],"_links":{"self":[{"href":"https:\/\/www.egemtv.com\/index.php?rest_route=\/wp\/v2\/posts\/40986","targetHints":{"allow":["GET"]}}],"collection":[{"href":"https:\/\/www.egemtv.com\/index.php?rest_route=\/wp\/v2\/posts"}],"about":[{"href":"https:\/\/www.egemtv.com\/index.php?rest_route=\/wp\/v2\/types\/post"}],"author":[{"embeddable":true,"href":"https:\/\/www.egemtv.com\/index.php?rest_route=\/wp\/v2\/users\/1"}],"replies":[{"embeddable":true,"href":"https:\/\/www.egemtv.com\/index.php?rest_route=%2Fwp%2Fv2%2Fcomments&post=40986"}],"version-history":[{"count":1,"href":"https:\/\/www.egemtv.com\/index.php?rest_route=\/wp\/v2\/posts\/40986\/revisions"}],"predecessor-version":[{"id":40988,"href":"https:\/\/www.egemtv.com\/index.php?rest_route=\/wp\/v2\/posts\/40986\/revisions\/40988"}],"wp:featuredmedia":[{"embeddable":true,"href":"https:\/\/www.egemtv.com\/index.php?rest_route=\/wp\/v2\/media\/40987"}],"wp:attachment":[{"href":"https:\/\/www.egemtv.com\/index.php?rest_route=%2Fwp%2Fv2%2Fmedia&parent=40986"}],"wp:term":[{"taxonomy":"category","embeddable":true,"href":"https:\/\/www.egemtv.com\/index.php?rest_route=%2Fwp%2Fv2%2Fcategories&post=40986"},{"taxonomy":"post_tag","embeddable":true,"href":"https:\/\/www.egemtv.com\/index.php?rest_route=%2Fwp%2Fv2%2Ftags&post=40986"}],"curies":[{"name":"wp","href":"https:\/\/api.w.org\/{rel}","templated":true}]}}