{"id":40983,"date":"2025-07-09T16:37:28","date_gmt":"2025-07-09T13:37:28","guid":{"rendered":"https:\/\/www.egemtv.com\/?p=40983"},"modified":"2025-07-09T16:37:32","modified_gmt":"2025-07-09T13:37:32","slug":"manisa-kavurucu-sicaklara-teslim-oldu","status":"publish","type":"post","link":"https:\/\/www.egemtv.com\/?p=40983","title":{"rendered":"Manisa kavurucu s\u0131caklara teslim oldu"},"content":{"rendered":"<p>Meteoroloji verilerine g\u00f6re hava s\u0131cakl\u0131\u011f\u0131n\u0131n 41 dereceye, hissedilen s\u0131cakl\u0131klar\u0131n ise 47 dereceye ula\u015ft\u0131\u011f\u0131 Manisa, T\u00fcrkiye\u2019nin en s\u0131cak \u015fehirlerinden biri oldu. Kavurucu s\u0131cakl\u0131k hayat\u0131 olumsuz etkilerken, restoran ve lokantalarda ocak ba\u015f\u0131nda g\u00f6rev yapan ustalar yo\u011fun s\u0131cak alt\u0131nda ter d\u00f6kt\u00fc.<br \/>\n<br \/>\u00d6zellikle \u00f6\u011fle saatlerinde s\u0131cakl\u0131\u011f\u0131n etkisini art\u0131rmas\u0131yla Manisa sokaklar\u0131 ve parklar adeta sessizli\u011fe b\u00fcr\u00fcnd\u00fc. Vatanda\u015flar evlerinde kalmay\u0131 tercih ederken, d\u0131\u015far\u0131 \u00e7\u0131kmak zorunda kalanlar da g\u00f6lgelik alanlara y\u00f6neldi. Kent merkezinde baz\u0131 ara\u00e7lar\u0131n termometreleri 47 dereceyi g\u00f6sterdi. Y\u00fcksek s\u0131cakl\u0131k en \u00e7ok a\u00e7\u0131k alanda \u00e7al\u0131\u015fanlar\u0131 etkiledi. Restoran ve lokantalarda ocak ba\u015f\u0131nda g\u00f6rev yapan ustalar ise, g\u00fcn boyu s\u0131v\u0131 t\u00fcketimini art\u0131rarak serinlemeye \u00e7al\u0131\u015ft\u0131. S\u0131cak havadan bunalan \u00e7ocuklar ise \u015fehrin \u00e7e\u015fitli noktalar\u0131ndaki \u00e7e\u015fmelerden pet \u015fi\u015fe ve kovalarla doldurduklar\u0131 sularla birbirlerini \u0131slatarak oyunla serinlemeye \u00e7al\u0131\u015ft\u0131.<br \/>\n<br \/>Yaz aylar\u0131nda \u00e7al\u0131\u015ft\u0131klar\u0131 ocak ba\u015f\u0131nda s\u0131cakl\u0131\u011f\u0131n 70 derecelere kadar \u00e7\u0131kabildi\u011fini s\u00f6yleyen Kebap\u00e7\u0131 Ali i\u015fletmesinin sahibi \u0130brahim Onayl\u0131, &#8220;Manisa s\u0131cak, bizim ocak da s\u0131cak ama Manisa\u2019n\u0131n insanlar\u0131 da s\u0131cak. Ben 42 y\u0131ldan beri ocak ba\u015f\u0131nda \u00e7al\u0131\u015f\u0131yorum ama bizler s\u0131ca\u011fa al\u0131\u015fk\u0131n\u0131z. G\u00fcnde iki defa \u00fcst\u00fcm\u00fcz\u00fc de\u011fi\u015ftirmek zorunda kal\u0131yoruz. D\u0131\u015far\u0131daki hava 40 derecenin \u00fczerinde. S\u0131cak burada 70 dereceleri buluyor. Ama bizler m\u00fc\u015fterilerimizi mutlu ettik\u00e7e s\u0131cakl\u0131\u011f\u0131 hissetmiyoruz&#8221; dedi.<br \/>\n<br \/>Uzmanlar, \u00f6n\u00fcm\u00fczdeki g\u00fcnlerde hava s\u0131cakl\u0131klar\u0131n\u0131n etkisini s\u00fcrd\u00fcrece\u011fini belirterek, \u00f6zellikle ya\u015fl\u0131lar, kronik hastal\u0131\u011f\u0131 olanlar ve \u00e7ocuklar\u0131n \u00f6\u011fle saatlerinde d\u0131\u015far\u0131 \u00e7\u0131kmamas\u0131 konusunda uyar\u0131larda bulundu.<br \/><\/p>\n","protected":false},"excerpt":{"rendered":"<p>Meteoroloji verilerine g\u00f6re hava s\u0131cakl\u0131\u011f\u0131n\u0131n 41 dereceye, hissedilen s\u0131cakl\u0131klar\u0131n ise 47 dereceye ula\u015ft\u0131\u011f\u0131 Manisa, T\u00fcrkiye\u2019nin en s\u0131cak \u015fehirlerinden biri oldu. Kavurucu s\u0131cakl\u0131k hayat\u0131 olumsuz etkilerken, restoran ve lokantalarda ocak ba\u015f\u0131nda g\u00f6rev yapan ustalar yo\u011fun s\u0131cak alt\u0131nda ter d\u00f6kt\u00fc. \u00d6zellikle \u00f6\u011fle saatlerinde s\u0131cakl\u0131\u011f\u0131n etkisini art\u0131rmas\u0131yla Manisa sokaklar\u0131 ve parklar adeta sessizli\u011fe b\u00fcr\u00fcnd\u00fc. Vatanda\u015flar evlerinde kalmay\u0131 tercih&#8230;<\/p>\n","protected":false},"author":1,"featured_media":40984,"comment_status":"open","ping_status":"open","sticky":false,"template":"","format":"standard","meta":{"_crdt_document":"","footnotes":""},"categories":[123],"tags":[],"class_list":["post-40983","post","type-post","status-publish","format-standard","has-post-thumbnail","hentry","category-gundem"],"_links":{"self":[{"href":"https:\/\/www.egemtv.com\/index.php?rest_route=\/wp\/v2\/posts\/40983","targetHints":{"allow":["GET"]}}],"collection":[{"href":"https:\/\/www.egemtv.com\/index.php?rest_route=\/wp\/v2\/posts"}],"about":[{"href":"https:\/\/www.egemtv.com\/index.php?rest_route=\/wp\/v2\/types\/post"}],"author":[{"embeddable":true,"href":"https:\/\/www.egemtv.com\/index.php?rest_route=\/wp\/v2\/users\/1"}],"replies":[{"embeddable":true,"href":"https:\/\/www.egemtv.com\/index.php?rest_route=%2Fwp%2Fv2%2Fcomments&post=40983"}],"version-history":[{"count":1,"href":"https:\/\/www.egemtv.com\/index.php?rest_route=\/wp\/v2\/posts\/40983\/revisions"}],"predecessor-version":[{"id":40985,"href":"https:\/\/www.egemtv.com\/index.php?rest_route=\/wp\/v2\/posts\/40983\/revisions\/40985"}],"wp:featuredmedia":[{"embeddable":true,"href":"https:\/\/www.egemtv.com\/index.php?rest_route=\/wp\/v2\/media\/40984"}],"wp:attachment":[{"href":"https:\/\/www.egemtv.com\/index.php?rest_route=%2Fwp%2Fv2%2Fmedia&parent=40983"}],"wp:term":[{"taxonomy":"category","embeddable":true,"href":"https:\/\/www.egemtv.com\/index.php?rest_route=%2Fwp%2Fv2%2Fcategories&post=40983"},{"taxonomy":"post_tag","embeddable":true,"href":"https:\/\/www.egemtv.com\/index.php?rest_route=%2Fwp%2Fv2%2Ftags&post=40983"}],"curies":[{"name":"wp","href":"https:\/\/api.w.org\/{rel}","templated":true}]}}