{"id":40980,"date":"2025-07-09T16:37:23","date_gmt":"2025-07-09T13:37:23","guid":{"rendered":"https:\/\/www.egemtv.com\/?p=40980"},"modified":"2025-07-09T16:37:28","modified_gmt":"2025-07-09T13:37:28","slug":"marmaris-belediyesinin-duyarsizligi-sehri-domuz-ciftligine-cevirdi","status":"publish","type":"post","link":"https:\/\/www.egemtv.com\/?p=40980","title":{"rendered":"Marmaris Belediyesi\u2019nin duyars\u0131zl\u0131\u011f\u0131 \u015fehri domuz \u00e7iftli\u011fine \u00e7evirdi"},"content":{"rendered":"<p>T\u00fcrkiye\u2019nin g\u00f6zde turizm \u015fehri olarak bilinen Mu\u011fla\u2019n\u0131n Marmaris il\u00e7esi, Marmaris Belediyesi\u2019nin duyars\u0131zl\u0131\u011f\u0131 nedeniyle adeta domuz \u00e7iftli\u011fine d\u00f6nd\u00fc. Sokaklara kadar yay\u0131lan \u00e7\u00f6pler nedeniyle domuz istilas\u0131na u\u011frayan Marmaris\u2019te vatanda\u015flar belediyeye g\u00f6revini yapmaya \u00e7a\u011f\u0131r\u0131rken s\u00fcr\u00fcler halinde dola\u015fan domuzlar g\u00fcvenli\u011fi de tehlikeye sokmaya ba\u015flad\u0131.<\/p>\n<p>Mu\u011fla\u2019n\u0131n Marmaris il\u00e7esinde, zaman\u0131nda toplanmayan \u00e7\u00f6pleri devirip yiyecek arayan yaban domuzlar\u0131, bir yandan halk sa\u011fl\u0131\u011f\u0131n\u0131 tehdit ederken di\u011fer yandan \u015fehirde trafik ve vatanda\u015f g\u00fcvenli\u011fini de tehlikeye sokmaya ba\u015flad\u0131. \u015eehirde her ge\u00e7en g\u00fcn artarak devam eden yaban domuzu sorunun \u00e7\u00f6z\u00fcm\u00fc i\u00e7in defalarca Marmaris Belediyesi\u2019ne m\u00fcracaat eden vatanda\u015flar, &#8220;Ciddi bir tehdit haline gelen yaban domuzu sorunun bir an \u00f6nce \u00f6nlenmesini ya\u015fanan k\u00f6t\u00fc g\u00f6r\u00fcnt\u00fcn\u00fcn \u015fehrin ve \u00fclkenin imaj\u0131n\u0131 da olumsuz etkiledi\u011fini belirttiler.<br \/><\/p>\n","protected":false},"excerpt":{"rendered":"<p>T\u00fcrkiye\u2019nin g\u00f6zde turizm \u015fehri olarak bilinen Mu\u011fla\u2019n\u0131n Marmaris il\u00e7esi, Marmaris Belediyesi\u2019nin duyars\u0131zl\u0131\u011f\u0131 nedeniyle adeta domuz \u00e7iftli\u011fine d\u00f6nd\u00fc. Sokaklara kadar yay\u0131lan \u00e7\u00f6pler nedeniyle domuz istilas\u0131na u\u011frayan Marmaris\u2019te vatanda\u015flar belediyeye g\u00f6revini yapmaya \u00e7a\u011f\u0131r\u0131rken s\u00fcr\u00fcler halinde dola\u015fan domuzlar g\u00fcvenli\u011fi de tehlikeye sokmaya ba\u015flad\u0131. Mu\u011fla\u2019n\u0131n Marmaris il\u00e7esinde, zaman\u0131nda toplanmayan \u00e7\u00f6pleri devirip yiyecek arayan yaban domuzlar\u0131, bir yandan halk sa\u011fl\u0131\u011f\u0131n\u0131&#8230;<\/p>\n","protected":false},"author":1,"featured_media":40981,"comment_status":"open","ping_status":"open","sticky":false,"template":"","format":"standard","meta":{"_crdt_document":"","footnotes":""},"categories":[1],"tags":[],"class_list":["post-40980","post","type-post","status-publish","format-standard","has-post-thumbnail","hentry","category-guncel"],"_links":{"self":[{"href":"https:\/\/www.egemtv.com\/index.php?rest_route=\/wp\/v2\/posts\/40980","targetHints":{"allow":["GET"]}}],"collection":[{"href":"https:\/\/www.egemtv.com\/index.php?rest_route=\/wp\/v2\/posts"}],"about":[{"href":"https:\/\/www.egemtv.com\/index.php?rest_route=\/wp\/v2\/types\/post"}],"author":[{"embeddable":true,"href":"https:\/\/www.egemtv.com\/index.php?rest_route=\/wp\/v2\/users\/1"}],"replies":[{"embeddable":true,"href":"https:\/\/www.egemtv.com\/index.php?rest_route=%2Fwp%2Fv2%2Fcomments&post=40980"}],"version-history":[{"count":1,"href":"https:\/\/www.egemtv.com\/index.php?rest_route=\/wp\/v2\/posts\/40980\/revisions"}],"predecessor-version":[{"id":40982,"href":"https:\/\/www.egemtv.com\/index.php?rest_route=\/wp\/v2\/posts\/40980\/revisions\/40982"}],"wp:featuredmedia":[{"embeddable":true,"href":"https:\/\/www.egemtv.com\/index.php?rest_route=\/wp\/v2\/media\/40981"}],"wp:attachment":[{"href":"https:\/\/www.egemtv.com\/index.php?rest_route=%2Fwp%2Fv2%2Fmedia&parent=40980"}],"wp:term":[{"taxonomy":"category","embeddable":true,"href":"https:\/\/www.egemtv.com\/index.php?rest_route=%2Fwp%2Fv2%2Fcategories&post=40980"},{"taxonomy":"post_tag","embeddable":true,"href":"https:\/\/www.egemtv.com\/index.php?rest_route=%2Fwp%2Fv2%2Ftags&post=40980"}],"curies":[{"name":"wp","href":"https:\/\/api.w.org\/{rel}","templated":true}]}}