{"id":40977,"date":"2025-07-09T16:16:45","date_gmt":"2025-07-09T13:16:45","guid":{"rendered":"https:\/\/www.egemtv.com\/?p=40977"},"modified":"2025-07-09T16:16:49","modified_gmt":"2025-07-09T13:16:49","slug":"foca-yelken-senligine-hazirlaniyor","status":"publish","type":"post","link":"https:\/\/www.egemtv.com\/?p=40977","title":{"rendered":"Fo\u00e7a, yelken \u015fenli\u011fine haz\u0131rlan\u0131yor"},"content":{"rendered":"<p>\u0130zmir\u2019in Fo\u00e7a il\u00e7esinde ilki ge\u00e7en y\u0131l d\u00fczenlenen MW Phokaia Uluslararas\u0131 Yelken \u015eenli\u011fi, bu sene Midilli Adas\u0131\u2019ndan Yunanl\u0131 yelkencilerin de kat\u0131l\u0131m\u0131yla ve ge\u00e7en y\u0131ldan farkl\u0131 olarak Midilli rotas\u0131n\u0131n da eklenmesiyle 27-28 Eyl\u00fcl 2025 tarihlerinde ger\u00e7ekle\u015ftirilecek.<br \/>\n<br \/>MW Phokaia Yelken \u015eenli\u011fi, ge\u00e7ti\u011fimiz y\u0131l 45 yelkenli yat ve 300 yelkenci ile Ege sular\u0131nda renkli g\u00f6r\u00fcnt\u00fcler olu\u015ftururken, sahildeki etkinlikleriyle de 600\u2019\u00fcn \u00fczerinde kat\u0131l\u0131mc\u0131ya unutulmaz anlar ya\u015fatt\u0131. Bu y\u0131l kat\u0131lan tekne, sporcu say\u0131s\u0131 ve izlenecek rotalarla Kuzey Ege\u2019nin bug\u00fcne kadar yap\u0131lan en b\u00fcy\u00fck yelken \u015fenli\u011fi niteli\u011fini kazanacak etkinlikler i\u00e7in \u00e7al\u0131\u015fmalar son h\u0131zla s\u00fcrd\u00fcr\u00fcl\u00fcyor.<br \/>\n<br \/>Fo\u00e7a Kaymakaml\u0131\u011f\u0131, Fo\u00e7a Belediyesi, Ege Turistik \u0130\u015fletmeler ve Konaklamalar Birli\u011fi (ET\u0130K) ve T\u00fcrkiye Otelciler Federasyonu (T\u00dcROFED)\u2019nun destekleri, Reha Midilli Phokaia Yelken Kul\u00fcb\u00fc, Midilli A\u00e7\u0131k Deniz Yelken Kul\u00fcb\u00fc i\u015fbirli\u011fi ve \u00e7e\u015fitli firmalar\u0131n sponsorlu\u011fuyla d\u00fczenlenecek \u015fenlik, Fo\u00e7a ve Middilli olmak \u00fczere iki yaka yelkencilerinin ortak bir organizasyonda bulu\u015fmalar\u0131n\u0131 sa\u011flayacak. Ayn\u0131 zamanda, gelecekte yap\u0131lacak etkinlikler i\u00e7inde temel olu\u015fturacak.<br \/>\n<br \/>\u0130ki etap halinde yap\u0131lacak \u015fenlikte birinci etap Fo\u00e7a, ikinci etap Yunanistan\u2019\u0131n Midilli Adas\u0131\u2019n\u0131n Mitillini kentinde tamamlanacak. 27 Eyl\u00fcl 2025 g\u00fcn\u00fc, Mitillini, Urla, \u00c7e\u015fme, \u00c7andarl\u0131, Yenifo\u00e7a ve Fo\u00e7a Limanlar\u0131ndan \u00e7\u0131kacak yelkenliler Karaburun\u2019da bulu\u015facak, buradan hareketle Fo\u00e7a rotas\u0131na hep birlikte yelken basacaklar. Ak\u015fam Fo\u00e7a\u2019da demirleyecek teknelerdeki yelkenciler ve sahilden \u015fenli\u011fe kat\u0131lanlar di\u011fer etkinliklerin yan\u0131 s\u0131ra Ayhan Sicimo\u011flu ve Latin All Stars Orkestras\u0131n\u0131n verece\u011fi konserde birlikte olacaklar.  Yelkenli yatlar, 28 Eyl\u00fcl 2025 g\u00fcn\u00fc Orak Adas\u0131 ve tarihi Be\u015fkap\u0131lar Kalesi \u00f6nlerinden kalkarak, Fo\u00e7a adalar\u0131, B\u00fcy\u00fckdeniz ve K\u00fc\u00e7\u00fckdeniz Liman i\u00e7lerini de kapsayan ve sahilden rahatl\u0131kla izlenebilecek bir g\u00f6steri seyri yapacaklar. G\u00f6steri seyri sonras\u0131 bir b\u00f6l\u00fcm yelkenli kendi limanlar\u0131na d\u00f6nerken bir b\u00f6l\u00fcm\u00fc ise rotalar\u0131n\u0131 Midilli Adas\u0131na \u00e7evirecek. \u015eenli\u011fin ikinci etab\u0131 Mitillini var\u0131\u015f\u0131yla tamamlanacak.<br \/>\n<br \/>\u015eenlik, b\u00f6lgenin do\u011fal g\u00fczellikleri ve turistik zenginliklerini ortaya koyarak turizme katk\u0131 sa\u011flaman\u0131n yan\u0131 s\u0131ra, Kuzey Ege ve Fo\u00e7a parkurlar\u0131n\u0131n deniz sporlar\u0131 i\u00e7in uygunlu\u011funu da g\u00f6zler \u00f6n\u00fcne sermeyi ve gelecekte ulusal ve uluslararas\u0131 etkinlik ve \u015fampiyonalara ev sahipli\u011fi yapman\u0131n altyap\u0131s\u0131n\u0131 olu\u015fturmay\u0131 hedefliyor. T\u00fcrk-Yunan dostlu\u011funa katk\u0131ya, Egenin iki yakas\u0131n\u0131n ortak projelerde bulu\u015fmas\u0131na, k\u00fclt\u00fcrleraras\u0131 al\u0131\u015fveri\u015fe ve bar\u0131\u015fa hizmet etmeyi ama\u00e7l\u0131yor.<br \/>\n<br \/>Organizasyon komitesi \u00fcyesi Bilge Durdu \u0130\u015fler, ge\u00e7ti\u011fimiz y\u0131l edinilen tecr\u00fcbe ve ba\u015far\u0131yla bu y\u0131l daha geni\u015f kat\u0131l\u0131ml\u0131 bir \u015fenli\u011fe imza atacaklar\u0131n\u0131 s\u00f6yledi. \u0130\u015fler, &#8220;Turizmciler olarak b\u00f6lgemizin var olan ama yeterince ke\u015ffedilmemi\u015f \u00f6zelliklerini d\u00fcnyaya duyurmaya \u00e7al\u0131\u015f\u0131yoruz. B\u00f6lgemiz su sporlar\u0131na, yelken ve yat\u00e7\u0131l\u0131\u011fa son derece uygundur. Bu \u00f6zellikleri tarihi, do\u011fal g\u00fczellikleri, k\u00fclt\u00fcr\u00fc ve organizasyon yeteneklerimizle birle\u015ftirerek g\u00f6zler \u00f6n\u00fcne seriyoruz. Hem turizme, hem spora hem de uluslararas\u0131 karde\u015flik ve bar\u0131\u015fa katk\u0131 sunmaya \u00e7al\u0131\u015f\u0131yoruz. Ge\u00e7ti\u011fimiz y\u0131l \u00e7ok g\u00fczel bir \u015fenlik icra ettik. Bu y\u0131l daha \u00e7ok kat\u0131l\u0131ml\u0131, daha de\u011fi\u015fik rotalar i\u00e7eren ve etkinlik zenginli\u011fi olan daha g\u00fczel bir \u015fenli\u011fe imza ataca\u011f\u0131z. T\u00fcm deniz ve yelken severleri 27-28 Eyl\u00fcl\u2019de Fo\u00e7a\u2019ya bekliyoruz&#8221; dedi.<br \/><\/p>\n","protected":false},"excerpt":{"rendered":"<p>\u0130zmir\u2019in Fo\u00e7a il\u00e7esinde ilki ge\u00e7en y\u0131l d\u00fczenlenen MW Phokaia Uluslararas\u0131 Yelken \u015eenli\u011fi, bu sene Midilli Adas\u0131\u2019ndan Yunanl\u0131 yelkencilerin de kat\u0131l\u0131m\u0131yla ve ge\u00e7en y\u0131ldan farkl\u0131 olarak Midilli rotas\u0131n\u0131n da eklenmesiyle 27-28 Eyl\u00fcl 2025 tarihlerinde ger\u00e7ekle\u015ftirilecek. MW Phokaia Yelken \u015eenli\u011fi, ge\u00e7ti\u011fimiz y\u0131l 45 yelkenli yat ve 300 yelkenci ile Ege sular\u0131nda renkli g\u00f6r\u00fcnt\u00fcler olu\u015ftururken, sahildeki etkinlikleriyle de&#8230;<\/p>\n","protected":false},"author":1,"featured_media":40978,"comment_status":"open","ping_status":"open","sticky":false,"template":"","format":"standard","meta":{"_crdt_document":"","footnotes":""},"categories":[4],"tags":[],"class_list":["post-40977","post","type-post","status-publish","format-standard","has-post-thumbnail","hentry","category-spor"],"_links":{"self":[{"href":"https:\/\/www.egemtv.com\/index.php?rest_route=\/wp\/v2\/posts\/40977","targetHints":{"allow":["GET"]}}],"collection":[{"href":"https:\/\/www.egemtv.com\/index.php?rest_route=\/wp\/v2\/posts"}],"about":[{"href":"https:\/\/www.egemtv.com\/index.php?rest_route=\/wp\/v2\/types\/post"}],"author":[{"embeddable":true,"href":"https:\/\/www.egemtv.com\/index.php?rest_route=\/wp\/v2\/users\/1"}],"replies":[{"embeddable":true,"href":"https:\/\/www.egemtv.com\/index.php?rest_route=%2Fwp%2Fv2%2Fcomments&post=40977"}],"version-history":[{"count":1,"href":"https:\/\/www.egemtv.com\/index.php?rest_route=\/wp\/v2\/posts\/40977\/revisions"}],"predecessor-version":[{"id":40979,"href":"https:\/\/www.egemtv.com\/index.php?rest_route=\/wp\/v2\/posts\/40977\/revisions\/40979"}],"wp:featuredmedia":[{"embeddable":true,"href":"https:\/\/www.egemtv.com\/index.php?rest_route=\/wp\/v2\/media\/40978"}],"wp:attachment":[{"href":"https:\/\/www.egemtv.com\/index.php?rest_route=%2Fwp%2Fv2%2Fmedia&parent=40977"}],"wp:term":[{"taxonomy":"category","embeddable":true,"href":"https:\/\/www.egemtv.com\/index.php?rest_route=%2Fwp%2Fv2%2Fcategories&post=40977"},{"taxonomy":"post_tag","embeddable":true,"href":"https:\/\/www.egemtv.com\/index.php?rest_route=%2Fwp%2Fv2%2Ftags&post=40977"}],"curies":[{"name":"wp","href":"https:\/\/api.w.org\/{rel}","templated":true}]}}