{"id":40974,"date":"2025-07-09T16:16:40","date_gmt":"2025-07-09T13:16:40","guid":{"rendered":"https:\/\/www.egemtv.com\/?p=40974"},"modified":"2025-07-09T16:16:45","modified_gmt":"2025-07-09T13:16:45","slug":"turgutlu-belediyesinden-asure-hayri","status":"publish","type":"post","link":"https:\/\/www.egemtv.com\/?p=40974","title":{"rendered":"Turgutlu Belediyesinden a\u015fure hayr\u0131"},"content":{"rendered":"<p>Turgutlu Belediyesi geleneksel hale getirdi\u011fi a\u015fure hayr\u0131n\u0131 bu y\u0131l da ger\u00e7ekle\u015ftirdi.<br \/>\n<br \/>Turgutlu Belediyesi Muharrem ay\u0131 dolay\u0131s\u0131yla a\u015fure hayr\u0131n\u0131 yapt\u0131. Turgutlu A\u015fevi ve Hay\u0131r Merkezi\u2019nde haz\u0131rlanan a\u015fureler vatanda\u015flara ikram edildi. Eski belediye binas\u0131 \u00f6n\u00fcnde d\u00fczenlenen a\u015fure hayr\u0131na kat\u0131lan Turgutlu Belediyesi Ba\u015fkan Vekili Faysal Teterba\u015f, Ba\u015fkan Yard\u0131mc\u0131lar\u0131 H\u00fcseyin Maliz, Ali R\u0131za K\u0131ran, meclis \u00fcyeleri Bilge Cebe, Cemal Ayd\u0131n, \u00c7a\u011fdan Erim, CHP Turgutlu \u0130l\u00e7e Ba\u015fkan\u0131 Hasan Ayma Muharrem ay\u0131n\u0131n hay\u0131rlara vesile olmas\u0131n\u0131, kaynayan a\u015fure kazanlar\u0131n\u0131n bolluk ve bereketi \u00e7o\u011faltmas\u0131 temennisinde bulundu. Turgutlulular ise her y\u0131l yap\u0131lan a\u015fure hayr\u0131ndan duyduklar\u0131 memnuniyeti dile getirerek hassasiyetleri ve duyarl\u0131l\u0131klar\u0131 i\u00e7in Turgutlu Belediye Ba\u015fkan\u0131 \u00c7etin Ak\u0131n\u2019a ve ekibine te\u015fekk\u00fcrlerini ilettiler.<br \/>\n<br \/>Turgutlu Belediye Ba\u015fkan Yard\u0131mc\u0131s\u0131 H\u00fcseyin Maliz, &#8220;Her y\u0131l oldu\u011fu gibi bu y\u0131l da Muharrem ay\u0131 dolay\u0131s\u0131yla a\u015fure hayr\u0131m\u0131z\u0131 ger\u00e7ekle\u015ftirdik. A\u015fevi ve Hay\u0131r Merkezimizde haz\u0131rlanan a\u015fureleri bolluk ve bereketin \u00e7o\u011falmas\u0131 temennisiyle hem\u015fehrilerimize ikram ettik. A\u015fure hayr\u0131m\u0131z\u0131n ve Muharrem ay\u0131n\u0131n Turgutlu\u2019muz, \u00fclkemiz ve insanl\u0131k i\u00e7in hay\u0131rlara vesile olmas\u0131n\u0131 diliyoruz&#8221; \u015feklinde konu\u015ftu.<br \/><\/p>\n","protected":false},"excerpt":{"rendered":"<p>Turgutlu Belediyesi geleneksel hale getirdi\u011fi a\u015fure hayr\u0131n\u0131 bu y\u0131l da ger\u00e7ekle\u015ftirdi. Turgutlu Belediyesi Muharrem ay\u0131 dolay\u0131s\u0131yla a\u015fure hayr\u0131n\u0131 yapt\u0131. Turgutlu A\u015fevi ve Hay\u0131r Merkezi\u2019nde haz\u0131rlanan a\u015fureler vatanda\u015flara ikram edildi. Eski belediye binas\u0131 \u00f6n\u00fcnde d\u00fczenlenen a\u015fure hayr\u0131na kat\u0131lan Turgutlu Belediyesi Ba\u015fkan Vekili Faysal Teterba\u015f, Ba\u015fkan Yard\u0131mc\u0131lar\u0131 H\u00fcseyin Maliz, Ali R\u0131za K\u0131ran, meclis \u00fcyeleri Bilge Cebe, Cemal&#8230;<\/p>\n","protected":false},"author":1,"featured_media":40975,"comment_status":"open","ping_status":"open","sticky":false,"template":"","format":"standard","meta":{"_crdt_document":"","footnotes":""},"categories":[123],"tags":[],"class_list":["post-40974","post","type-post","status-publish","format-standard","has-post-thumbnail","hentry","category-gundem"],"_links":{"self":[{"href":"https:\/\/www.egemtv.com\/index.php?rest_route=\/wp\/v2\/posts\/40974","targetHints":{"allow":["GET"]}}],"collection":[{"href":"https:\/\/www.egemtv.com\/index.php?rest_route=\/wp\/v2\/posts"}],"about":[{"href":"https:\/\/www.egemtv.com\/index.php?rest_route=\/wp\/v2\/types\/post"}],"author":[{"embeddable":true,"href":"https:\/\/www.egemtv.com\/index.php?rest_route=\/wp\/v2\/users\/1"}],"replies":[{"embeddable":true,"href":"https:\/\/www.egemtv.com\/index.php?rest_route=%2Fwp%2Fv2%2Fcomments&post=40974"}],"version-history":[{"count":1,"href":"https:\/\/www.egemtv.com\/index.php?rest_route=\/wp\/v2\/posts\/40974\/revisions"}],"predecessor-version":[{"id":40976,"href":"https:\/\/www.egemtv.com\/index.php?rest_route=\/wp\/v2\/posts\/40974\/revisions\/40976"}],"wp:featuredmedia":[{"embeddable":true,"href":"https:\/\/www.egemtv.com\/index.php?rest_route=\/wp\/v2\/media\/40975"}],"wp:attachment":[{"href":"https:\/\/www.egemtv.com\/index.php?rest_route=%2Fwp%2Fv2%2Fmedia&parent=40974"}],"wp:term":[{"taxonomy":"category","embeddable":true,"href":"https:\/\/www.egemtv.com\/index.php?rest_route=%2Fwp%2Fv2%2Fcategories&post=40974"},{"taxonomy":"post_tag","embeddable":true,"href":"https:\/\/www.egemtv.com\/index.php?rest_route=%2Fwp%2Fv2%2Ftags&post=40974"}],"curies":[{"name":"wp","href":"https:\/\/api.w.org\/{rel}","templated":true}]}}