{"id":40971,"date":"2025-07-09T16:16:36","date_gmt":"2025-07-09T13:16:36","guid":{"rendered":"https:\/\/www.egemtv.com\/?p=40971"},"modified":"2025-07-09T16:16:40","modified_gmt":"2025-07-09T13:16:40","slug":"yunusemrede-lavanta-bahcesi-ziyaretcilerini-bekliyor","status":"publish","type":"post","link":"https:\/\/www.egemtv.com\/?p=40971","title":{"rendered":"Yunusemre\u2019de lavanta bah\u00e7esi ziyaret\u00e7ilerini bekliyor"},"content":{"rendered":"<p>Yunusemre Belediyesinin Ortak\u00f6y Mahallesi\u2019nde 7 bin metrekare alan \u00fczerinde hayata ge\u00e7irdi\u011fi lavanta bah\u00e7esi sezon sonuna kadar vatanda\u015flar\u0131n ziyaretine a\u00e7\u0131k olacak.<br \/>\n<br \/>Yunusemre Belediyesi taraf\u0131ndan Manisa\u2019n\u0131n Ortak\u00f6y Mahallesi\u2019nde hayata ge\u00e7irilen lavanta bah\u00e7esi, kap\u0131lar\u0131n\u0131 ziyaret\u00e7ilere a\u00e7\u0131yor. 7 bin metrekarelik geni\u015f bir alan \u00fczerinde kurulan bah\u00e7e, hem g\u00f6rsel g\u00fczelli\u011fi hem de mis gibi lavanta kokusuyla dikkat \u00e7ekiyor. Bah\u00e7e, lavanta sezonu boyunca haftan\u0131n her g\u00fcn\u00fc ziyarete a\u00e7\u0131k olacak. Yunusemre Belediyesi Park ve Bah\u00e7eler M\u00fcd\u00fcrl\u00fc\u011f\u00fcn\u00fcn \u00e7al\u0131\u015fmalar\u0131yla hayata ge\u00e7irilen lavanta bah\u00e7esi, halka hem do\u011fal bir dinlenme alan\u0131 hem de foto\u011fraf tutkunlar\u0131 i\u00e7in e\u015fsiz bir ortam sunuyor. Bah\u00e7ede olu\u015fturulan \u00f6zel foto\u011fraf \u00e7ekim alanlar\u0131, dekoratif sal\u0131ncaklar ve lavanta tarlalar\u0131n\u0131n sundu\u011fu manzara, ziyaret\u00e7ilere keyifli anlar ya\u015fat\u0131yor. Do\u011fayla i\u00e7 i\u00e7e vakit ge\u00e7irmek isteyen vatanda\u015flar, burada hem dinlenme hem de an\u0131 biriktirme imkan\u0131 buluyor. Sezon sonuna kadar a\u00e7\u0131k kalacak olan lavanta bah\u00e7esi, lavantalar\u0131n hasat edilmesiyle birlikte sezonu kapatacak.<br \/><\/p>\n","protected":false},"excerpt":{"rendered":"<p>Yunusemre Belediyesinin Ortak\u00f6y Mahallesi\u2019nde 7 bin metrekare alan \u00fczerinde hayata ge\u00e7irdi\u011fi lavanta bah\u00e7esi sezon sonuna kadar vatanda\u015flar\u0131n ziyaretine a\u00e7\u0131k olacak. Yunusemre Belediyesi taraf\u0131ndan Manisa\u2019n\u0131n Ortak\u00f6y Mahallesi\u2019nde hayata ge\u00e7irilen lavanta bah\u00e7esi, kap\u0131lar\u0131n\u0131 ziyaret\u00e7ilere a\u00e7\u0131yor. 7 bin metrekarelik geni\u015f bir alan \u00fczerinde kurulan bah\u00e7e, hem g\u00f6rsel g\u00fczelli\u011fi hem de mis gibi lavanta kokusuyla dikkat \u00e7ekiyor. Bah\u00e7e, lavanta&#8230;<\/p>\n","protected":false},"author":1,"featured_media":40972,"comment_status":"open","ping_status":"open","sticky":false,"template":"","format":"standard","meta":{"_crdt_document":"","footnotes":""},"categories":[123],"tags":[],"class_list":["post-40971","post","type-post","status-publish","format-standard","has-post-thumbnail","hentry","category-gundem"],"_links":{"self":[{"href":"https:\/\/www.egemtv.com\/index.php?rest_route=\/wp\/v2\/posts\/40971","targetHints":{"allow":["GET"]}}],"collection":[{"href":"https:\/\/www.egemtv.com\/index.php?rest_route=\/wp\/v2\/posts"}],"about":[{"href":"https:\/\/www.egemtv.com\/index.php?rest_route=\/wp\/v2\/types\/post"}],"author":[{"embeddable":true,"href":"https:\/\/www.egemtv.com\/index.php?rest_route=\/wp\/v2\/users\/1"}],"replies":[{"embeddable":true,"href":"https:\/\/www.egemtv.com\/index.php?rest_route=%2Fwp%2Fv2%2Fcomments&post=40971"}],"version-history":[{"count":1,"href":"https:\/\/www.egemtv.com\/index.php?rest_route=\/wp\/v2\/posts\/40971\/revisions"}],"predecessor-version":[{"id":40973,"href":"https:\/\/www.egemtv.com\/index.php?rest_route=\/wp\/v2\/posts\/40971\/revisions\/40973"}],"wp:featuredmedia":[{"embeddable":true,"href":"https:\/\/www.egemtv.com\/index.php?rest_route=\/wp\/v2\/media\/40972"}],"wp:attachment":[{"href":"https:\/\/www.egemtv.com\/index.php?rest_route=%2Fwp%2Fv2%2Fmedia&parent=40971"}],"wp:term":[{"taxonomy":"category","embeddable":true,"href":"https:\/\/www.egemtv.com\/index.php?rest_route=%2Fwp%2Fv2%2Fcategories&post=40971"},{"taxonomy":"post_tag","embeddable":true,"href":"https:\/\/www.egemtv.com\/index.php?rest_route=%2Fwp%2Fv2%2Ftags&post=40971"}],"curies":[{"name":"wp","href":"https:\/\/api.w.org\/{rel}","templated":true}]}}