{"id":40965,"date":"2025-07-09T15:56:45","date_gmt":"2025-07-09T12:56:45","guid":{"rendered":"https:\/\/www.egemtv.com\/?p=40965"},"modified":"2025-07-09T15:56:49","modified_gmt":"2025-07-09T12:56:49","slug":"traktor-devrilmelerinde-olumleri-azaltmak-icin-hayat-ucgeni-projesi","status":"publish","type":"post","link":"https:\/\/www.egemtv.com\/?p=40965","title":{"rendered":"Trakt\u00f6r devrilmelerinde \u00f6l\u00fcmleri azaltmak i\u00e7in, \u2018hayat \u00fc\u00e7geni\u2019 projesi"},"content":{"rendered":"<p>T\u00fcrkiye\u2019nin d\u00f6rt bir yan\u0131ndaki k\u00f6y yollar\u0131nda ve tarlalarda s\u0131k s\u0131k ya\u015fanan trakt\u00f6r devrilmesine ba\u011fl\u0131 \u00f6l\u00fcm olaylar\u0131n\u0131n \u00f6n\u00fcne ge\u00e7mek i\u00e7in Karya Farma HBX Projects \u2018hayat \u00fc\u00e7geni\u2019 ad\u0131n\u0131 verdi\u011fi hava yast\u0131kl\u0131 ya\u015fam alan\u0131 projesi haz\u0131rlad\u0131. Proje uyguland\u0131\u011f\u0131nda hava yast\u0131klar\u0131nda oldu\u011fu gibi tehlike an\u0131nda devreye girecek sistem ile trakt\u00f6r s\u00fcr\u00fcc\u00fclerinin ezilmekten korunaca\u011f\u0131 belirtildi.<br \/>\n<br \/>Ayd\u0131n Adnan Menderes \u00dcniversitesi (AD\u00dc) Teknokent\u2019te yakla\u015f\u0131k 20 y\u0131ld\u0131r endemik bitkiler, tar\u0131m ve hayvanc\u0131l\u0131k \u00fczerinde \u00e7al\u0131\u015fmalar y\u00fcr\u00fcten ve \u015fu ana kadar 18 ayr\u0131 patente imza atan Karya Farma HBX Ar-Ge \u015fimdi de \u00e7ift\u00e7ili\u011fin olmazsa olmaz\u0131 trakt\u00f6rlerde can g\u00fcvenli\u011fini sa\u011flayacak bir \u00e7al\u0131\u015fma ba\u015flatt\u0131. HBX Projects \u00e7at\u0131s\u0131 alt\u0131nda ger\u00e7ekle\u015ftirilen \u00e7al\u0131\u015fma ile trakt\u00f6r devrilmelerinde \u00f6l\u00fcm olaylar\u0131n\u0131n \u00f6n\u00fcne ge\u00e7ilmesi hedefleniyor.<br \/>\n<br \/>\u00c7ift\u00e7ilerin k\u0131rsal alanda ge\u00e7irdikleri trakt\u00f6r devrilmesine ba\u011fl\u0131 kazalar\u0131n b\u00fcy\u00fck \u00e7o\u011funlu\u011funun felaketle sonu\u00e7land\u0131\u011f\u0131n\u0131 belirten Karya Farma HBX Ar-Ge ekibinden Makina M\u00fchendisi Cavit Ba\u015fl\u0131k, &#8220;Trakt\u00f6r devrilmeleri k\u0131rsal alanda tar\u0131m yapanlar\u0131n en b\u00fcy\u00fck sorunu ve dramatik tablosu. Hayat \u00fc\u00e7geni ad\u0131n\u0131 verdi\u011fimiz bu koruma kalkan\u0131 m\u00fchendislikle in\u015fa edildi. HBX Projects \u00e7at\u0131s\u0131 alt\u0131nda geli\u015ftirilen ve halen prototip a\u015famas\u0131nda olan bu proje trakt\u00f6r devrilmelerine kar\u015f\u0131 mekanik ve dijital g\u00fcvenli\u011fi ayn\u0131 anda sunan, tamamen yerli ve toplumsal fayda odakl\u0131 bir \u00e7\u00f6z\u00fcm olarak haz\u0131rland\u0131. Sistem, trakt\u00f6r devrilme e\u011filimine girdi\u011finde milisaniyeler i\u00e7inde aktifle\u015ferek trakt\u00f6r\u00fcn etraf\u0131nda \u00fc\u00e7gen bi\u00e7iminde a\u00e7\u0131lan \u00f6zel hava yast\u0131klar\u0131 ile s\u00fcr\u00fcc\u00fcn\u00fcn ezilmesini \u00f6nleyen bir bo\u015fluk olu\u015fturuyor. Bu bo\u015fluk, hayati bir koruma kalkan\u0131 g\u00f6revi \u00fcstlenirken, s\u00fcr\u00fcc\u00fcn\u00fcn kurtar\u0131lana kadar nefes alabilece\u011fi g\u00fcvenli bir ya\u015fam alan\u0131 sa\u011fl\u0131yor. Amac\u0131m\u0131z, trakt\u00f6r devrilme an\u0131nda s\u00fcr\u00fcc\u00fcn\u00fcn alt\u0131nda kalmamas\u0131n\u0131 sa\u011flayacak g\u00fc\u00e7l\u00fc ama uygulanabilir bir mekanik \u00e7\u00f6z\u00fcm sunmak. \u00dc\u00e7gen formda a\u00e7\u0131lan hava yast\u0131klar\u0131, y\u00fck\u00fc kenarlara da\u011f\u0131tarak merkezde korunakl\u0131 bir bo\u015fluk olu\u015fturuyor. Bu bo\u015fluk, ki\u015finin ya\u015famsal alan\u0131n\u0131 koruyor ve kurtarma ekipleri gelene kadar nefes alma \u015fans\u0131 veriyor. Sistem, k\u0131rsal\u0131n ihtiya\u00e7lar\u0131na uygun \u015fekilde sade ama etkili tasarland\u0131&#8221; dedi.<br \/>\n<br \/>Proje ekibinde yer alan Bilgisayar-Yaz\u0131l\u0131m M\u00fchendisli\u011fi Son S\u0131n\u0131f \u00d6\u011frencisi Burak Ba\u015fl\u0131k ise  &#8220;Sistem, devrilme an\u0131nda devreye giren bir algoritma ile ivme\u00f6l\u00e7er ve jiroskop verilerini de\u011ferlendiriyor. Ayn\u0131 anda s\u00fcr\u00fcc\u00fcn\u00fcn cep telefonuna bluetooth arac\u0131l\u0131\u011f\u0131yla ba\u011flan\u0131yor ve konum bilgisiyle birlikte yard\u0131m mesaj\u0131 g\u00f6nderiyor. Alternatif olarak GSM mod\u00fcl sayesinde do\u011frudan SMS ile acil durum bildirimi de yap\u0131labiliyor. Bu sistem, yaln\u0131zca korumakla kalm\u0131yor, d\u0131\u015f d\u00fcnya ile temas kurarak ya\u015fam \u015fans\u0131n\u0131 art\u0131r\u0131yor&#8221; diyerek halen test a\u015famas\u0131nda olan proje ile tar\u0131m sekt\u00f6r\u00fcn\u00fcn \u00f6nemli bir sorununu \u00e7\u00f6mek i\u00e7in \u00e7al\u0131\u015ft\u0131klar\u0131n\u0131 belirtti.<br \/><\/p>\n","protected":false},"excerpt":{"rendered":"<p>T\u00fcrkiye\u2019nin d\u00f6rt bir yan\u0131ndaki k\u00f6y yollar\u0131nda ve tarlalarda s\u0131k s\u0131k ya\u015fanan trakt\u00f6r devrilmesine ba\u011fl\u0131 \u00f6l\u00fcm olaylar\u0131n\u0131n \u00f6n\u00fcne ge\u00e7mek i\u00e7in Karya Farma HBX Projects \u2018hayat \u00fc\u00e7geni\u2019 ad\u0131n\u0131 verdi\u011fi hava yast\u0131kl\u0131 ya\u015fam alan\u0131 projesi haz\u0131rlad\u0131. Proje uyguland\u0131\u011f\u0131nda hava yast\u0131klar\u0131nda oldu\u011fu gibi tehlike an\u0131nda devreye girecek sistem ile trakt\u00f6r s\u00fcr\u00fcc\u00fclerinin ezilmekten korunaca\u011f\u0131 belirtildi. Ayd\u0131n Adnan Menderes \u00dcniversitesi (AD\u00dc)&#8230;<\/p>\n","protected":false},"author":1,"featured_media":40966,"comment_status":"open","ping_status":"open","sticky":false,"template":"","format":"standard","meta":{"_crdt_document":"","footnotes":""},"categories":[124],"tags":[],"class_list":["post-40965","post","type-post","status-publish","format-standard","has-post-thumbnail","hentry","category-bilim"],"_links":{"self":[{"href":"https:\/\/www.egemtv.com\/index.php?rest_route=\/wp\/v2\/posts\/40965","targetHints":{"allow":["GET"]}}],"collection":[{"href":"https:\/\/www.egemtv.com\/index.php?rest_route=\/wp\/v2\/posts"}],"about":[{"href":"https:\/\/www.egemtv.com\/index.php?rest_route=\/wp\/v2\/types\/post"}],"author":[{"embeddable":true,"href":"https:\/\/www.egemtv.com\/index.php?rest_route=\/wp\/v2\/users\/1"}],"replies":[{"embeddable":true,"href":"https:\/\/www.egemtv.com\/index.php?rest_route=%2Fwp%2Fv2%2Fcomments&post=40965"}],"version-history":[{"count":1,"href":"https:\/\/www.egemtv.com\/index.php?rest_route=\/wp\/v2\/posts\/40965\/revisions"}],"predecessor-version":[{"id":40967,"href":"https:\/\/www.egemtv.com\/index.php?rest_route=\/wp\/v2\/posts\/40965\/revisions\/40967"}],"wp:featuredmedia":[{"embeddable":true,"href":"https:\/\/www.egemtv.com\/index.php?rest_route=\/wp\/v2\/media\/40966"}],"wp:attachment":[{"href":"https:\/\/www.egemtv.com\/index.php?rest_route=%2Fwp%2Fv2%2Fmedia&parent=40965"}],"wp:term":[{"taxonomy":"category","embeddable":true,"href":"https:\/\/www.egemtv.com\/index.php?rest_route=%2Fwp%2Fv2%2Fcategories&post=40965"},{"taxonomy":"post_tag","embeddable":true,"href":"https:\/\/www.egemtv.com\/index.php?rest_route=%2Fwp%2Fv2%2Ftags&post=40965"}],"curies":[{"name":"wp","href":"https:\/\/api.w.org\/{rel}","templated":true}]}}