{"id":40962,"date":"2025-07-09T15:36:00","date_gmt":"2025-07-09T12:36:00","guid":{"rendered":"https:\/\/www.egemtv.com\/?p=40962"},"modified":"2025-07-09T15:36:05","modified_gmt":"2025-07-09T12:36:05","slug":"kusadasinda-10-isyerine-idari-islem-yapildi","status":"publish","type":"post","link":"https:\/\/www.egemtv.com\/?p=40962","title":{"rendered":"Ku\u015fadas\u0131\u2019nda 10 i\u015fyerine idari i\u015flem yap\u0131ld\u0131"},"content":{"rendered":"<p>Ayd\u0131n\u2019\u0131n Ku\u015fadas\u0131 il\u00e7esinde denetim ger\u00e7ekle\u015ftiren asayi\u015f ekipleri, bin 344 \u015fahs\u0131 sorgularken, 10 i\u015fyerine de idari i\u015flem ger\u00e7ekle\u015ftirdi.<\/p>\n<p>Ayd\u0131n \u0130l Emniyet M\u00fcd\u00fcrl\u00fc\u011f\u00fc koordinesinde vatanda\u015flar\u0131n huzur ve g\u00fcveninin sa\u011flanmas\u0131 amac\u0131yla ger\u00e7ekle\u015ftirilen \u00e7al\u0131\u015fmalar aral\u0131ks\u0131z devam ediyor. Bu \u00e7er\u00e7evede Ku\u015fadas\u0131 il\u00e7esinde sahaya inen Ku\u015fadas\u0131 \u0130l\u00e7e Emniyet M\u00fcd\u00fcrl\u00fc\u011f\u00fc ve Asayi\u015f \u015eube M\u00fcd\u00fcrl\u00fc\u011f\u00fc personelleri denetim ger\u00e7ekle\u015ftirdi. Umuma a\u00e7\u0131k i\u015fyerlerine y\u00f6nelik 22 ekip ve 91 personelin kat\u0131l\u0131m\u0131yla yap\u0131lan denetimlerde 64 i\u015fyeri denetlendi. Ayr\u0131ca toplam bin 344 \u015fahs\u0131n sorgulamas\u0131 yap\u0131l\u0131rken, \u2019Mala Zarar Verme\u2019 su\u00e7undan aranan 1 ki\u015fi de yakaland\u0131. Kontrollerde 10 i\u015fyerine ise 1774 Kimlik Bildirme Kanunu ve \u00c7evresel G\u00fcr\u00fclt\u00fc Y\u00f6netmeli\u011fi\u2019ne ayk\u0131r\u0131l\u0131ktan idari i\u015flem yap\u0131ld\u0131. Kontrollerin aral\u0131ks\u0131z olarak devam edece\u011fi \u00f6\u011frenildi.<br \/><\/p>\n","protected":false},"excerpt":{"rendered":"<p>Ayd\u0131n\u2019\u0131n Ku\u015fadas\u0131 il\u00e7esinde denetim ger\u00e7ekle\u015ftiren asayi\u015f ekipleri, bin 344 \u015fahs\u0131 sorgularken, 10 i\u015fyerine de idari i\u015flem ger\u00e7ekle\u015ftirdi. Ayd\u0131n \u0130l Emniyet M\u00fcd\u00fcrl\u00fc\u011f\u00fc koordinesinde vatanda\u015flar\u0131n huzur ve g\u00fcveninin sa\u011flanmas\u0131 amac\u0131yla ger\u00e7ekle\u015ftirilen \u00e7al\u0131\u015fmalar aral\u0131ks\u0131z devam ediyor. Bu \u00e7er\u00e7evede Ku\u015fadas\u0131 il\u00e7esinde sahaya inen Ku\u015fadas\u0131 \u0130l\u00e7e Emniyet M\u00fcd\u00fcrl\u00fc\u011f\u00fc ve Asayi\u015f \u015eube M\u00fcd\u00fcrl\u00fc\u011f\u00fc personelleri denetim ger\u00e7ekle\u015ftirdi. Umuma a\u00e7\u0131k i\u015fyerlerine y\u00f6nelik 22&#8230;<\/p>\n","protected":false},"author":1,"featured_media":40963,"comment_status":"open","ping_status":"open","sticky":false,"template":"","format":"standard","meta":{"_crdt_document":"","footnotes":""},"categories":[5],"tags":[],"class_list":["post-40962","post","type-post","status-publish","format-standard","has-post-thumbnail","hentry","category-asayis"],"_links":{"self":[{"href":"https:\/\/www.egemtv.com\/index.php?rest_route=\/wp\/v2\/posts\/40962","targetHints":{"allow":["GET"]}}],"collection":[{"href":"https:\/\/www.egemtv.com\/index.php?rest_route=\/wp\/v2\/posts"}],"about":[{"href":"https:\/\/www.egemtv.com\/index.php?rest_route=\/wp\/v2\/types\/post"}],"author":[{"embeddable":true,"href":"https:\/\/www.egemtv.com\/index.php?rest_route=\/wp\/v2\/users\/1"}],"replies":[{"embeddable":true,"href":"https:\/\/www.egemtv.com\/index.php?rest_route=%2Fwp%2Fv2%2Fcomments&post=40962"}],"version-history":[{"count":1,"href":"https:\/\/www.egemtv.com\/index.php?rest_route=\/wp\/v2\/posts\/40962\/revisions"}],"predecessor-version":[{"id":40964,"href":"https:\/\/www.egemtv.com\/index.php?rest_route=\/wp\/v2\/posts\/40962\/revisions\/40964"}],"wp:featuredmedia":[{"embeddable":true,"href":"https:\/\/www.egemtv.com\/index.php?rest_route=\/wp\/v2\/media\/40963"}],"wp:attachment":[{"href":"https:\/\/www.egemtv.com\/index.php?rest_route=%2Fwp%2Fv2%2Fmedia&parent=40962"}],"wp:term":[{"taxonomy":"category","embeddable":true,"href":"https:\/\/www.egemtv.com\/index.php?rest_route=%2Fwp%2Fv2%2Fcategories&post=40962"},{"taxonomy":"post_tag","embeddable":true,"href":"https:\/\/www.egemtv.com\/index.php?rest_route=%2Fwp%2Fv2%2Ftags&post=40962"}],"curies":[{"name":"wp","href":"https:\/\/api.w.org\/{rel}","templated":true}]}}