{"id":40959,"date":"2025-07-09T15:35:55","date_gmt":"2025-07-09T12:35:55","guid":{"rendered":"https:\/\/www.egemtv.com\/?p=40959"},"modified":"2025-07-09T15:36:00","modified_gmt":"2025-07-09T12:36:00","slug":"evlilik-iznine-cikan-ustegmen-ve-esini-trafik-kazasi-ayirdi","status":"publish","type":"post","link":"https:\/\/www.egemtv.com\/?p=40959","title":{"rendered":"Evlilik iznine \u00e7\u0131kan \u00fcste\u011fmen ve e\u015fini trafik kazas\u0131 ay\u0131rd\u0131"},"content":{"rendered":"<p>Afyonkarahisar\u2019da trakt\u00f6rle \u00e7arp\u0131\u015fan otomobildeki \u00fcste\u011fmen hayat\u0131n\u0131 kaybetti, e\u015fi ise a\u011f\u0131r yaraland\u0131. Aytekin \u00e7iftinin yakla\u015f\u0131k bir hafta \u00f6nce d\u00fcnya evine girdikleri ve evlilik iznine \u00e7\u0131kt\u0131klar\u0131 belirtildi.<br \/>\n<br \/>Kaza, Afyonkarahisar-Antalya kara yolu K\u0131z\u0131l\u00f6ren il\u00e7esi yak\u0131nlar\u0131nda meydana geldi. Edinilen bilgilere g\u00f6re, \u00d6mer Faruk Aytekin (31) idaresindeki 79 EB 425 plakal\u0131 otomobil, H.E.\u2019nin (78) kulland\u0131\u011f\u0131 32 YU 155 plakal\u0131 trakt\u00f6rle \u00e7arp\u0131\u015ft\u0131. Kazada, otomobil s\u00fcr\u00fcc\u00fcs\u00fc ile ara\u00e7taki e\u015fi \u00d6zlem Aytekin ve trakt\u00f6r\u00fcn \u00e7\u0131kan \u00f6n tekerinin \u00e7arpt\u0131\u011f\u0131 yol kenar\u0131ndaki seyyar sat\u0131c\u0131 H.\u00c7. (48) yaraland\u0131. \u0130hbarla b\u00f6lgeye \u00e7ok say\u0131da jandarma sa\u011fl\u0131k ve itfaiye ekibi sevk edildi. Olay yerine gelen ambulanslarla hastaneye kald\u0131r\u0131lan yaral\u0131lardan Deniz Kuvvetleri Komutanl\u0131\u011f\u0131\u2019nda \u00fcste\u011fmen olarak g\u00f6rev yapt\u0131\u011f\u0131 bildirilen \u00d6mer Faruk Aytekin yap\u0131lan m\u00fcdahalelere ra\u011fmen kurtar\u0131lamad\u0131. Aytekin\u2019in e\u015fi \u00d6zlem Aytekin\u2019in ise hayati tehlikesinin bulundu\u011fu bildirildi.<br \/>\n<br \/>Aytekin \u00e7iftinin yakla\u015f\u0131k bir hafta \u00f6nce d\u00fcnya evine girdikleri ve evlilik iznine \u00e7\u0131kt\u0131klar\u0131 belirtildi.<br \/>\n<br \/>\u00d6te yandan, kazaya kar\u0131\u015fan otomobilin arka cam\u0131ndaki \u2019\u00d6zlem-\u00d6mer sonsuza kadar\u2019 yaz\u0131s\u0131 y\u00fcrekleri s\u0131zlatt\u0131.<br \/><\/p>\n","protected":false},"excerpt":{"rendered":"<p>Afyonkarahisar\u2019da trakt\u00f6rle \u00e7arp\u0131\u015fan otomobildeki \u00fcste\u011fmen hayat\u0131n\u0131 kaybetti, e\u015fi ise a\u011f\u0131r yaraland\u0131. Aytekin \u00e7iftinin yakla\u015f\u0131k bir hafta \u00f6nce d\u00fcnya evine girdikleri ve evlilik iznine \u00e7\u0131kt\u0131klar\u0131 belirtildi. Kaza, Afyonkarahisar-Antalya kara yolu K\u0131z\u0131l\u00f6ren il\u00e7esi yak\u0131nlar\u0131nda meydana geldi. Edinilen bilgilere g\u00f6re, \u00d6mer Faruk Aytekin (31) idaresindeki 79 EB 425 plakal\u0131 otomobil, H.E.\u2019nin (78) kulland\u0131\u011f\u0131 32 YU 155 plakal\u0131 trakt\u00f6rle&#8230;<\/p>\n","protected":false},"author":1,"featured_media":40960,"comment_status":"open","ping_status":"open","sticky":false,"template":"","format":"standard","meta":{"_crdt_document":"","footnotes":""},"categories":[5],"tags":[],"class_list":["post-40959","post","type-post","status-publish","format-standard","has-post-thumbnail","hentry","category-asayis"],"_links":{"self":[{"href":"https:\/\/www.egemtv.com\/index.php?rest_route=\/wp\/v2\/posts\/40959","targetHints":{"allow":["GET"]}}],"collection":[{"href":"https:\/\/www.egemtv.com\/index.php?rest_route=\/wp\/v2\/posts"}],"about":[{"href":"https:\/\/www.egemtv.com\/index.php?rest_route=\/wp\/v2\/types\/post"}],"author":[{"embeddable":true,"href":"https:\/\/www.egemtv.com\/index.php?rest_route=\/wp\/v2\/users\/1"}],"replies":[{"embeddable":true,"href":"https:\/\/www.egemtv.com\/index.php?rest_route=%2Fwp%2Fv2%2Fcomments&post=40959"}],"version-history":[{"count":1,"href":"https:\/\/www.egemtv.com\/index.php?rest_route=\/wp\/v2\/posts\/40959\/revisions"}],"predecessor-version":[{"id":40961,"href":"https:\/\/www.egemtv.com\/index.php?rest_route=\/wp\/v2\/posts\/40959\/revisions\/40961"}],"wp:featuredmedia":[{"embeddable":true,"href":"https:\/\/www.egemtv.com\/index.php?rest_route=\/wp\/v2\/media\/40960"}],"wp:attachment":[{"href":"https:\/\/www.egemtv.com\/index.php?rest_route=%2Fwp%2Fv2%2Fmedia&parent=40959"}],"wp:term":[{"taxonomy":"category","embeddable":true,"href":"https:\/\/www.egemtv.com\/index.php?rest_route=%2Fwp%2Fv2%2Fcategories&post=40959"},{"taxonomy":"post_tag","embeddable":true,"href":"https:\/\/www.egemtv.com\/index.php?rest_route=%2Fwp%2Fv2%2Ftags&post=40959"}],"curies":[{"name":"wp","href":"https:\/\/api.w.org\/{rel}","templated":true}]}}