{"id":40953,"date":"2025-07-09T15:18:48","date_gmt":"2025-07-09T12:18:48","guid":{"rendered":"https:\/\/www.egemtv.com\/?p=40953"},"modified":"2025-07-09T15:18:52","modified_gmt":"2025-07-09T12:18:52","slug":"yenipazar-belediyesi-araclarina-kavustu","status":"publish","type":"post","link":"https:\/\/www.egemtv.com\/?p=40953","title":{"rendered":"Yenipazar Belediyesi ara\u00e7lar\u0131na kavu\u015ftu"},"content":{"rendered":"<p>Yenipazar Belediye Ba\u015fkan\u0131 Malik Ercan, son bir ayda 4 yeni arac\u0131n Yenipazar Belediyesine kazand\u0131r\u0131ld\u0131\u011f\u0131n\u0131 ifade ederken, vatanda\u015flar\u0131n hizmetinde kullan\u0131lacak 4 ara\u00e7 da belediye meydan\u0131nda sergilendi.<\/p>\n<p>Yenipazar Belediye Ba\u015fkan\u0131 Malik Ercan son bir ayda 4 arac\u0131 belediye ara\u00e7 filosuna kazand\u0131rd\u0131klar\u0131n\u0131 belirtti. Ba\u015fkan Ercan, &#8220;Se\u00e7imlerde vaat etti\u011fim i\u015fleri bug\u00fcn ger\u00e7e\u011fe d\u00f6n\u00fc\u015ft\u00fcrmenin mutlulu\u011funu ya\u015f\u0131yorum. Belediyemiz filosundaki ara\u00e7lar\u0131n eksik ve yetersiz oldu\u011funu tespit ederek gerekli \u00e7al\u0131\u015fmalara ba\u015flad\u0131m. Yapt\u0131\u011f\u0131m \u00e7al\u0131\u015fmalar ve g\u00f6r\u00fc\u015fmeler neticesinde T\u00fcrkiye Belediyeler Birli\u011fi taraf\u0131ndan Yenipazar Belediyemize hibe edilen \u00e7\u00f6p toplama kamyonumuz, Ayd\u0131n B\u00fcy\u00fck\u015fehir Belediyemiz taraf\u0131ndan belediyemize tahsis edilen \u00e7\u00f6p taksi arac\u0131m\u0131z yine B\u00fcy\u00fck\u015fehir Belediyemizin tahsis etti\u011fi \u00e7\u00f6p toplama kamyonumuz ile \u00e7\u00f6p konteyn\u0131rlar\u0131m\u0131z ve sat\u0131n ald\u0131\u011f\u0131m\u0131z cenaze ta\u015f\u0131ma arac\u0131m\u0131z Yenipazarl\u0131 halk\u0131m\u0131z\u0131n hizmetinde kullan\u0131lmaya ba\u015fland\u0131&#8221; dedi.<\/p>\n<p>Ba\u015fkan Ercan te\u015fekk\u00fcr etti<br \/>\n<br \/>Yenipazar Belediye Ba\u015fkan\u0131 Malik Ercan, &#8220;Ara\u00e7 filomuza kazand\u0131r\u0131lan 2 adet \u00e7\u00f6p toplama kamyonu, \u00e7\u00f6p taksi arac\u0131m\u0131z ve \u00e7\u00f6p konteyn\u0131rlar\u0131m\u0131z i\u00e7in ve yap\u0131lan t\u00fcm hizmetlerimizde b\u00fcy\u00fck destekler veren, her zaman arkam\u0131zda duran TBB Enc\u00fcmen \u00dcyesi, topuklu efemiz Ayd\u0131n B\u00fcy\u00fck\u015fehir Belediye Ba\u015fkan\u0131m\u0131z \u00d6zlem \u00c7er\u00e7io\u011flu\u2019na \u00e7ok te\u015fekk\u00fcr ederim&#8221; ifadelerini kulland\u0131.<br \/><\/p>\n","protected":false},"excerpt":{"rendered":"<p>Yenipazar Belediye Ba\u015fkan\u0131 Malik Ercan, son bir ayda 4 yeni arac\u0131n Yenipazar Belediyesine kazand\u0131r\u0131ld\u0131\u011f\u0131n\u0131 ifade ederken, vatanda\u015flar\u0131n hizmetinde kullan\u0131lacak 4 ara\u00e7 da belediye meydan\u0131nda sergilendi. Yenipazar Belediye Ba\u015fkan\u0131 Malik Ercan son bir ayda 4 arac\u0131 belediye ara\u00e7 filosuna kazand\u0131rd\u0131klar\u0131n\u0131 belirtti. Ba\u015fkan Ercan, &#8220;Se\u00e7imlerde vaat etti\u011fim i\u015fleri bug\u00fcn ger\u00e7e\u011fe d\u00f6n\u00fc\u015ft\u00fcrmenin mutlulu\u011funu ya\u015f\u0131yorum. Belediyemiz filosundaki ara\u00e7lar\u0131n eksik&#8230;<\/p>\n","protected":false},"author":1,"featured_media":40954,"comment_status":"open","ping_status":"open","sticky":false,"template":"","format":"standard","meta":{"_crdt_document":"","footnotes":""},"categories":[1],"tags":[],"class_list":["post-40953","post","type-post","status-publish","format-standard","has-post-thumbnail","hentry","category-guncel"],"_links":{"self":[{"href":"https:\/\/www.egemtv.com\/index.php?rest_route=\/wp\/v2\/posts\/40953","targetHints":{"allow":["GET"]}}],"collection":[{"href":"https:\/\/www.egemtv.com\/index.php?rest_route=\/wp\/v2\/posts"}],"about":[{"href":"https:\/\/www.egemtv.com\/index.php?rest_route=\/wp\/v2\/types\/post"}],"author":[{"embeddable":true,"href":"https:\/\/www.egemtv.com\/index.php?rest_route=\/wp\/v2\/users\/1"}],"replies":[{"embeddable":true,"href":"https:\/\/www.egemtv.com\/index.php?rest_route=%2Fwp%2Fv2%2Fcomments&post=40953"}],"version-history":[{"count":1,"href":"https:\/\/www.egemtv.com\/index.php?rest_route=\/wp\/v2\/posts\/40953\/revisions"}],"predecessor-version":[{"id":40955,"href":"https:\/\/www.egemtv.com\/index.php?rest_route=\/wp\/v2\/posts\/40953\/revisions\/40955"}],"wp:featuredmedia":[{"embeddable":true,"href":"https:\/\/www.egemtv.com\/index.php?rest_route=\/wp\/v2\/media\/40954"}],"wp:attachment":[{"href":"https:\/\/www.egemtv.com\/index.php?rest_route=%2Fwp%2Fv2%2Fmedia&parent=40953"}],"wp:term":[{"taxonomy":"category","embeddable":true,"href":"https:\/\/www.egemtv.com\/index.php?rest_route=%2Fwp%2Fv2%2Fcategories&post=40953"},{"taxonomy":"post_tag","embeddable":true,"href":"https:\/\/www.egemtv.com\/index.php?rest_route=%2Fwp%2Fv2%2Ftags&post=40953"}],"curies":[{"name":"wp","href":"https:\/\/api.w.org\/{rel}","templated":true}]}}