{"id":40950,"date":"2025-07-09T15:18:43","date_gmt":"2025-07-09T12:18:43","guid":{"rendered":"https:\/\/www.egemtv.com\/?p=40950"},"modified":"2025-07-09T15:18:48","modified_gmt":"2025-07-09T12:18:48","slug":"nazilli-belediyesinden-cop-eve-mudahale","status":"publish","type":"post","link":"https:\/\/www.egemtv.com\/?p=40950","title":{"rendered":"Nazilli Belediyesi\u2019nden \u00e7\u00f6p eve m\u00fcdahale"},"content":{"rendered":"<p>Ayd\u0131n\u2019\u0131n Nazilli il\u00e7esinde k\u00f6t\u00fc koku yay\u0131lan bir eve gelen belediye ekipleri, temizlik \u00e7al\u0131\u015fmas\u0131 ger\u00e7ekle\u015ftirirken, evden 3 kamyon \u00e7\u00f6p \u00e7\u0131kt\u0131.<\/p>\n<p>Nazilli Belediyesi Temizlik \u0130\u015fleri M\u00fcd\u00fcrl\u00fc\u011f\u00fc ekipleri; vatanda\u015flar\u0131n ihbar\u0131 \u00fczerine harekete ge\u00e7erek Turan Mahallesi 133 Sokak\u2019taki bir \u00e7\u00f6p evde kapsaml\u0131 temizlik \u00e7al\u0131\u015fmas\u0131 ger\u00e7ekle\u015ftirdi. Mahalle sakinlerinin k\u00f6t\u00fc koku ve sa\u011fl\u0131k riski nedeniyle bildirdi\u011fi adreste, 85 ya\u015f\u0131ndaki vatanda\u015fa ait konuttan 3 kamyon dolusu \u00e7\u00f6p belediye ekipleri taraf\u0131ndan \u00e7\u0131kar\u0131ld\u0131. Titizlikle y\u00fcr\u00fct\u00fclen \u00e7al\u0131\u015fmada evin i\u00e7i ve \u00e7evresi tamamen bo\u015falt\u0131larak temizlendi, ila\u00e7lama ve dezenfeksiyon i\u015flemleri yap\u0131ld\u0131.<\/p>\n<p>Halk sa\u011fl\u0131\u011f\u0131n\u0131 tehdit eden benzer durumlarla ilgili gerekli \u00e7al\u0131\u015fmalar\u0131n yap\u0131laca\u011f\u0131n\u0131 kaydeden Nazilli Belediye Ba\u015fkan\u0131 Dr. Ertu\u011frul Tetik &#8220;Vatanda\u015flar\u0131m\u0131z\u0131n huzuru ve sa\u011fl\u0131\u011f\u0131 i\u00e7in \u00e7al\u0131\u015fmalar\u0131m\u0131z\u0131 aral\u0131ks\u0131z s\u00fcrd\u00fcr\u00fcyoruz. \u0130hbarlar \u00fczerine h\u0131zl\u0131ca m\u00fcdahale ederek ya\u015fl\u0131 vatanda\u015f\u0131m\u0131z\u0131n daha sa\u011fl\u0131kl\u0131 bir konutta ikamet etmesi i\u00e7in dezenfeksiyon i\u015flemlerini de tamamlad\u0131k. Eme\u011fi ge\u00e7en t\u00fcm ekibime te\u015fekk\u00fcr ediyorum&#8221; dedi.<br \/><\/p>\n","protected":false},"excerpt":{"rendered":"<p>Ayd\u0131n\u2019\u0131n Nazilli il\u00e7esinde k\u00f6t\u00fc koku yay\u0131lan bir eve gelen belediye ekipleri, temizlik \u00e7al\u0131\u015fmas\u0131 ger\u00e7ekle\u015ftirirken, evden 3 kamyon \u00e7\u00f6p \u00e7\u0131kt\u0131. Nazilli Belediyesi Temizlik \u0130\u015fleri M\u00fcd\u00fcrl\u00fc\u011f\u00fc ekipleri; vatanda\u015flar\u0131n ihbar\u0131 \u00fczerine harekete ge\u00e7erek Turan Mahallesi 133 Sokak\u2019taki bir \u00e7\u00f6p evde kapsaml\u0131 temizlik \u00e7al\u0131\u015fmas\u0131 ger\u00e7ekle\u015ftirdi. Mahalle sakinlerinin k\u00f6t\u00fc koku ve sa\u011fl\u0131k riski nedeniyle bildirdi\u011fi adreste, 85 ya\u015f\u0131ndaki vatanda\u015fa ait&#8230;<\/p>\n","protected":false},"author":1,"featured_media":40951,"comment_status":"open","ping_status":"open","sticky":false,"template":"","format":"standard","meta":{"_crdt_document":"","footnotes":""},"categories":[1],"tags":[],"class_list":["post-40950","post","type-post","status-publish","format-standard","has-post-thumbnail","hentry","category-guncel"],"_links":{"self":[{"href":"https:\/\/www.egemtv.com\/index.php?rest_route=\/wp\/v2\/posts\/40950","targetHints":{"allow":["GET"]}}],"collection":[{"href":"https:\/\/www.egemtv.com\/index.php?rest_route=\/wp\/v2\/posts"}],"about":[{"href":"https:\/\/www.egemtv.com\/index.php?rest_route=\/wp\/v2\/types\/post"}],"author":[{"embeddable":true,"href":"https:\/\/www.egemtv.com\/index.php?rest_route=\/wp\/v2\/users\/1"}],"replies":[{"embeddable":true,"href":"https:\/\/www.egemtv.com\/index.php?rest_route=%2Fwp%2Fv2%2Fcomments&post=40950"}],"version-history":[{"count":1,"href":"https:\/\/www.egemtv.com\/index.php?rest_route=\/wp\/v2\/posts\/40950\/revisions"}],"predecessor-version":[{"id":40952,"href":"https:\/\/www.egemtv.com\/index.php?rest_route=\/wp\/v2\/posts\/40950\/revisions\/40952"}],"wp:featuredmedia":[{"embeddable":true,"href":"https:\/\/www.egemtv.com\/index.php?rest_route=\/wp\/v2\/media\/40951"}],"wp:attachment":[{"href":"https:\/\/www.egemtv.com\/index.php?rest_route=%2Fwp%2Fv2%2Fmedia&parent=40950"}],"wp:term":[{"taxonomy":"category","embeddable":true,"href":"https:\/\/www.egemtv.com\/index.php?rest_route=%2Fwp%2Fv2%2Fcategories&post=40950"},{"taxonomy":"post_tag","embeddable":true,"href":"https:\/\/www.egemtv.com\/index.php?rest_route=%2Fwp%2Fv2%2Ftags&post=40950"}],"curies":[{"name":"wp","href":"https:\/\/api.w.org\/{rel}","templated":true}]}}