{"id":40947,"date":"2025-07-09T15:18:38","date_gmt":"2025-07-09T12:18:38","guid":{"rendered":"https:\/\/www.egemtv.com\/?p=40947"},"modified":"2025-07-09T15:18:43","modified_gmt":"2025-07-09T12:18:43","slug":"koycegiz-kaymakami-kumcu-gorevine-basladi","status":"publish","type":"post","link":"https:\/\/www.egemtv.com\/?p=40947","title":{"rendered":"K\u00f6yce\u011fiz Kaymakam\u0131 Kumcu g\u00f6revine ba\u015flad\u0131"},"content":{"rendered":"<p>Mu\u011fla\u2019n\u0131n K\u00f6yce\u011fiz il\u00e7esinde Cumhurba\u015fkanl\u0131\u011f\u0131 Atama Kararnamesi ile kaymakaml\u0131k g\u00f6revine atanan Mert Kumcu g\u00f6revine ba\u015flad\u0131.<\/p>\n<p>K\u00f6yce\u011fiz Kaymakam\u0131 Mustafa Maslak, Konya\u2019n\u0131n Ilg\u0131n il\u00e7esine atan\u0131rken yerine Hakk\u00e2ri\u2019nin \u00c7ukurca il\u00e7esinde g\u00f6rev yapan Mert Kumcu, K\u00f6yce\u011fiz Kaymakam\u0131 oldu. Yeni Kaymakam Mert Kumcu zorlu co\u011frafi \u015fartlara sahip \u00c7ukurca\u2019daki g\u00f6revini ba\u015far\u0131yla tamamlad\u0131. Kamu hizmetlerinin etkinli\u011fini art\u0131rma y\u00f6n\u00fcndeki \u00e7al\u0131\u015fmalar\u0131yla tan\u0131nan Kumcu\u2019nun, turizmi ve do\u011fal g\u00fczellikleriyle \u00f6ne \u00e7\u0131kan Sakin \u015eehir K\u00f6yce\u011fiz\u2019de de aktif ve \u00e7\u00f6z\u00fcm odakl\u0131 bir y\u00f6netim anlay\u0131\u015f\u0131yla g\u00f6rev yapmas\u0131 bekleniyor. \u0130l\u00e7ede heyecanla kar\u015f\u0131lanan ataman\u0131n ard\u0131ndan, Kaymakam Kumcu resmi olarak 9 Temmuz\u2019da g\u00f6revine ba\u015flad\u0131. K\u00f6yce\u011fiz Kaymakam\u0131 Kumcu g\u00f6revine ba\u015flamas\u0131 dolay\u0131s\u0131yla mesaj yay\u0131mlad\u0131.<\/p>\n<p>Kaymakam Kumcu mesaj\u0131nda, &#8220;\u00d6ncelikle \u0130zmir \u00d6demi\u015fte meydana gelen orman yang\u0131n\u0131nda ye\u015fil vatan\u0131 savunmak i\u00e7in \u015fehit olan kahraman orman i\u015f\u00e7ilerimiz Rag\u0131p \u015eahin ve \u0130brahim Demir\u2019e Allahtan rahmet, ailelerine, sevenlerine ve milletimize ba\u015fsa\u011fl\u0131\u011f\u0131 diliyorum. K\u00f6yce\u011fiz Kaymakam\u0131 olarak g\u00f6reve ba\u015flamam dolay\u0131s\u0131yla \u00e7i\u00e7ek g\u00f6nderme d\u00fc\u015f\u00fcncesinde olan k\u0131ymetli vatanda\u015flar\u0131m\u0131z\u0131n bu nazik ve ince d\u00fc\u015f\u00fcnceleri dolay\u0131s\u0131yla duydu\u011fum memnuniyet ile birlikte kendilerine \u015f\u00fckranlar\u0131m\u0131 sunar; \u00e7i\u00e7ek g\u00f6ndermek yerine Ye\u015fil Vatan\u0131n daima ye\u015fil kalmas\u0131 i\u00e7in Fidan ba\u011f\u0131\u015f\u0131nda bulunmalar\u0131n\u0131 rica ederim&#8221; dedi.<br \/><\/p>\n","protected":false},"excerpt":{"rendered":"<p>Mu\u011fla\u2019n\u0131n K\u00f6yce\u011fiz il\u00e7esinde Cumhurba\u015fkanl\u0131\u011f\u0131 Atama Kararnamesi ile kaymakaml\u0131k g\u00f6revine atanan Mert Kumcu g\u00f6revine ba\u015flad\u0131. K\u00f6yce\u011fiz Kaymakam\u0131 Mustafa Maslak, Konya\u2019n\u0131n Ilg\u0131n il\u00e7esine atan\u0131rken yerine Hakk\u00e2ri\u2019nin \u00c7ukurca il\u00e7esinde g\u00f6rev yapan Mert Kumcu, K\u00f6yce\u011fiz Kaymakam\u0131 oldu. Yeni Kaymakam Mert Kumcu zorlu co\u011frafi \u015fartlara sahip \u00c7ukurca\u2019daki g\u00f6revini ba\u015far\u0131yla tamamlad\u0131. Kamu hizmetlerinin etkinli\u011fini art\u0131rma y\u00f6n\u00fcndeki \u00e7al\u0131\u015fmalar\u0131yla tan\u0131nan Kumcu\u2019nun, turizmi ve&#8230;<\/p>\n","protected":false},"author":1,"featured_media":40948,"comment_status":"open","ping_status":"open","sticky":false,"template":"","format":"standard","meta":{"_crdt_document":"","footnotes":""},"categories":[1],"tags":[],"class_list":["post-40947","post","type-post","status-publish","format-standard","has-post-thumbnail","hentry","category-guncel"],"_links":{"self":[{"href":"https:\/\/www.egemtv.com\/index.php?rest_route=\/wp\/v2\/posts\/40947","targetHints":{"allow":["GET"]}}],"collection":[{"href":"https:\/\/www.egemtv.com\/index.php?rest_route=\/wp\/v2\/posts"}],"about":[{"href":"https:\/\/www.egemtv.com\/index.php?rest_route=\/wp\/v2\/types\/post"}],"author":[{"embeddable":true,"href":"https:\/\/www.egemtv.com\/index.php?rest_route=\/wp\/v2\/users\/1"}],"replies":[{"embeddable":true,"href":"https:\/\/www.egemtv.com\/index.php?rest_route=%2Fwp%2Fv2%2Fcomments&post=40947"}],"version-history":[{"count":1,"href":"https:\/\/www.egemtv.com\/index.php?rest_route=\/wp\/v2\/posts\/40947\/revisions"}],"predecessor-version":[{"id":40949,"href":"https:\/\/www.egemtv.com\/index.php?rest_route=\/wp\/v2\/posts\/40947\/revisions\/40949"}],"wp:featuredmedia":[{"embeddable":true,"href":"https:\/\/www.egemtv.com\/index.php?rest_route=\/wp\/v2\/media\/40948"}],"wp:attachment":[{"href":"https:\/\/www.egemtv.com\/index.php?rest_route=%2Fwp%2Fv2%2Fmedia&parent=40947"}],"wp:term":[{"taxonomy":"category","embeddable":true,"href":"https:\/\/www.egemtv.com\/index.php?rest_route=%2Fwp%2Fv2%2Fcategories&post=40947"},{"taxonomy":"post_tag","embeddable":true,"href":"https:\/\/www.egemtv.com\/index.php?rest_route=%2Fwp%2Fv2%2Ftags&post=40947"}],"curies":[{"name":"wp","href":"https:\/\/api.w.org\/{rel}","templated":true}]}}