{"id":40944,"date":"2025-07-09T15:18:33","date_gmt":"2025-07-09T12:18:33","guid":{"rendered":"https:\/\/www.egemtv.com\/?p=40944"},"modified":"2025-07-09T15:18:38","modified_gmt":"2025-07-09T12:18:38","slug":"salihlideki-galatasaraylilardan-cifte-kupali-kutlama","status":"publish","type":"post","link":"https:\/\/www.egemtv.com\/?p=40944","title":{"rendered":"Salihli\u2019deki Galatasarayl\u0131lardan \u00e7ifte kupal\u0131 kutlama"},"content":{"rendered":"<p>Trendyol S\u00fcper Lig\u2019de 25. \u015fampiyonlu\u011funa ula\u015fan Galatasaray\u2019\u0131n lig kupas\u0131 ve Ziraat T\u00fcrkiye Kupas\u0131, Manisa\u2019n\u0131n Salihli il\u00e7esinde taraftarlarla bulu\u015ftu.<br \/>\n<br \/>Galatasaray\u2019\u0131n 2024-2025 sezonu \u015fampiyonluk kupas\u0131 ve Ziraat T\u00fcrkiye Kupas\u0131, Salihli Galatasaray Taraftarlar Derne\u011fi \u00f6nc\u00fcl\u00fc\u011f\u00fcnde d\u00fczenlenen organizasyonda Lidya Sardes Otel\u2019de sergilendi. Organizasyonda sar\u0131-k\u0131rm\u0131z\u0131l\u0131 taraftarlar, 25. \u015fampiyonluk ve 5. y\u0131ld\u0131z co\u015fkusunu doyas\u0131ya ya\u015farken, ayr\u0131ca \u00e7ifte kupayla bol bol hat\u0131ra foto\u011fraf\u0131 \u00e7ektirdi.<br \/>\n<br \/>Galatasaray Spor Kul\u00fcb\u00fc Ba\u015fkan\u0131 Dursun \u00d6zbek\u2019in mesaj\u0131n\u0131n yay\u0131mland\u0131\u011f\u0131 organizasyonda konu\u015fan Salihli Galatasaray Taraftarlar\u0131 Derne\u011fi Ba\u015fkan\u0131 U\u011fur \u00d6z\u00e7elik, &#8220;Bug\u00fcn burada Galatasaray\u2019\u0131n 25. \u015fampiyonlu\u011funu ve 5. y\u0131ld\u0131z\u0131n\u0131 \u00e7ifte kupayla, co\u015fku i\u00e7inde kutlamak isterdik fakat Pen\u00e7e-Kilit Harekat\u0131 b\u00f6lgesindeki bir ma\u011farada y\u00fcr\u00fct\u00fclen arama-tarama faaliyeti s\u0131ras\u0131nda metan gaz\u0131na maruz kalarak \u015fehit d\u00fc\u015fen 12 askerimizden dolay\u0131 buruk kutluyoruz. Mekanlar\u0131 cennet olsun&#8221; dedi.<br \/>\n<br \/>&#8220;Bizleri bu \u00e7ifte kupa gururu ya\u015fatan Galatasaray camias\u0131na sonsuz te\u015fekk\u00fcrlerimi sunuyorum&#8221; diyen \u00d6z\u00e7elik, &#8220;Her y\u0131l oldu\u011fu gibi bu y\u0131lki \u015fampiyonluk kutlamas\u0131ndan ba\u015fta sponsorlar\u0131m\u0131z olmak \u00fczere elde edilecek gelir ile tekerlekli ak\u00fcl\u00fc sandalye al\u0131p, bir ailemize hediye edece\u011fiz. Ayr\u0131ca 24. \u015fampiyonlukta bu y\u0131l 12 ihtiya\u00e7 sahibi \u00f6\u011frencimize burs verdik. \u015eimdi 25. \u015fampiyonlukta, 25 ihtiya\u00e7 sahibi \u00f6\u011frencimize burs vermeyi hedefliyoruz&#8221; diye konu\u015ftu.<br \/>\n<br \/>Galatasaray Genel Sekreteri Eray Yazgan ve Galatasaray Denetim Kurulu \u00dcyesi \u00d6mer \u00c7irkin\u2019in de kat\u0131l\u0131m\u0131yla ger\u00e7ekle\u015ftirilen organizasyonda, imzal\u0131 iki Galatasaray formas\u0131 a\u00e7\u0131k art\u0131rmayla sat\u0131\u015fa \u00e7\u0131kar\u0131ld\u0131. Formalar, Naz\u0131m \u00c7elik taraf\u0131ndan sat\u0131n al\u0131nd\u0131.<br \/>\n<br \/>Organizasyon 5 y\u0131ld\u0131zl\u0131 \u015fampiyonluk pastas\u0131 kesimiyle son buldu.<br \/><\/p>\n","protected":false},"excerpt":{"rendered":"<p>Trendyol S\u00fcper Lig\u2019de 25. \u015fampiyonlu\u011funa ula\u015fan Galatasaray\u2019\u0131n lig kupas\u0131 ve Ziraat T\u00fcrkiye Kupas\u0131, Manisa\u2019n\u0131n Salihli il\u00e7esinde taraftarlarla bulu\u015ftu. Galatasaray\u2019\u0131n 2024-2025 sezonu \u015fampiyonluk kupas\u0131 ve Ziraat T\u00fcrkiye Kupas\u0131, Salihli Galatasaray Taraftarlar Derne\u011fi \u00f6nc\u00fcl\u00fc\u011f\u00fcnde d\u00fczenlenen organizasyonda Lidya Sardes Otel\u2019de sergilendi. Organizasyonda sar\u0131-k\u0131rm\u0131z\u0131l\u0131 taraftarlar, 25. \u015fampiyonluk ve 5. y\u0131ld\u0131z co\u015fkusunu doyas\u0131ya ya\u015farken, ayr\u0131ca \u00e7ifte kupayla bol bol hat\u0131ra&#8230;<\/p>\n","protected":false},"author":1,"featured_media":40945,"comment_status":"open","ping_status":"open","sticky":false,"template":"","format":"standard","meta":{"_crdt_document":"","footnotes":""},"categories":[4],"tags":[],"class_list":["post-40944","post","type-post","status-publish","format-standard","has-post-thumbnail","hentry","category-spor"],"_links":{"self":[{"href":"https:\/\/www.egemtv.com\/index.php?rest_route=\/wp\/v2\/posts\/40944","targetHints":{"allow":["GET"]}}],"collection":[{"href":"https:\/\/www.egemtv.com\/index.php?rest_route=\/wp\/v2\/posts"}],"about":[{"href":"https:\/\/www.egemtv.com\/index.php?rest_route=\/wp\/v2\/types\/post"}],"author":[{"embeddable":true,"href":"https:\/\/www.egemtv.com\/index.php?rest_route=\/wp\/v2\/users\/1"}],"replies":[{"embeddable":true,"href":"https:\/\/www.egemtv.com\/index.php?rest_route=%2Fwp%2Fv2%2Fcomments&post=40944"}],"version-history":[{"count":1,"href":"https:\/\/www.egemtv.com\/index.php?rest_route=\/wp\/v2\/posts\/40944\/revisions"}],"predecessor-version":[{"id":40946,"href":"https:\/\/www.egemtv.com\/index.php?rest_route=\/wp\/v2\/posts\/40944\/revisions\/40946"}],"wp:featuredmedia":[{"embeddable":true,"href":"https:\/\/www.egemtv.com\/index.php?rest_route=\/wp\/v2\/media\/40945"}],"wp:attachment":[{"href":"https:\/\/www.egemtv.com\/index.php?rest_route=%2Fwp%2Fv2%2Fmedia&parent=40944"}],"wp:term":[{"taxonomy":"category","embeddable":true,"href":"https:\/\/www.egemtv.com\/index.php?rest_route=%2Fwp%2Fv2%2Fcategories&post=40944"},{"taxonomy":"post_tag","embeddable":true,"href":"https:\/\/www.egemtv.com\/index.php?rest_route=%2Fwp%2Fv2%2Ftags&post=40944"}],"curies":[{"name":"wp","href":"https:\/\/api.w.org\/{rel}","templated":true}]}}