{"id":40932,"date":"2025-07-09T15:18:15","date_gmt":"2025-07-09T12:18:15","guid":{"rendered":"https:\/\/www.egemtv.com\/?p=40932"},"modified":"2025-07-09T15:18:20","modified_gmt":"2025-07-09T12:18:20","slug":"albayrak-cksm-1-yasina-girdi","status":"publish","type":"post","link":"https:\/\/www.egemtv.com\/?p=40932","title":{"rendered":"Albayrak \u00c7KSM 1 ya\u015f\u0131na girdi"},"content":{"rendered":"<p>Turgutlu Belediyesinin sundu\u011fu imkanlarla T\u00fcrkiye\u2019de bir ilke imza att\u0131\u011f\u0131 Albayrak Mahallesi \u00c7ocuk K\u00fclt\u00fcr Sanat Merkezi bir ya\u015f\u0131n\u0131 doldurdu. Birinci y\u0131la \u00f6zel olarak d\u00fczenlenen programda mutlu anlar ya\u015fand\u0131.<br \/>\n<br \/>Turgutlu Belediye Ba\u015fkan\u0131 \u00c7etin Ak\u0131n\u2019\u0131n g\u00f6reve ba\u015flamas\u0131ndan bu yana e\u011fitimde f\u0131rsat e\u015fitli\u011fi hedefiyle ard\u0131 ard\u0131na projelere imza atan Turgutlu Belediyesi, ge\u00e7ti\u011fimiz y\u0131l kap\u0131lar\u0131n\u0131 a\u00e7t\u0131\u011f\u0131 Albayrak Mahallesi \u00c7ocuk K\u00fclt\u00fcr Sanat Merkezi\u2019nde bir y\u0131l\u0131 geride b\u0131rakt\u0131. Okul \u00f6ncesi e\u011fitimi ve \u00fc\u00e7 \u00f6\u011f\u00fcn \u00fccretsiz beslenme olana\u011f\u0131yla T\u00fcrkiye\u2019de \u00f6rnek te\u015fkil eden merkezde e\u011fitim alan \u00e7ocuklar, kurulu\u015f y\u0131l d\u00f6n\u00fcm\u00fcne \u00f6zel d\u00fczenlenen kutlamada doyas\u0131ya e\u011flendi.<br \/>\n<br \/>Kutlama program\u0131na Turgutlu Belediye Ba\u015fkanvekili Faysal Teterba\u015f, Ba\u015fkan Yard\u0131mc\u0131s\u0131 H\u00fcseyin Maliz, K\u00fclt\u00fcr ve Sosyal \u0130\u015fler M\u00fcd\u00fcr\u00fc B\u00fclent G\u00f6kmen ile Bas\u0131n Yay\u0131n ve Halkla \u0130li\u015fkiler Sorumlusu Emrah Kan\u0131k da kat\u0131larak miniklerle bu anlaml\u0131 g\u00fcn\u00fc payla\u015ft\u0131.<\/p>\n<p>&#8220;\u00c7ocuklar\u0131m\u0131z\u0131n yan\u0131 ba\u015f\u0131nda olmaya devam edece\u011fiz&#8221;<br \/>\n<br \/>Turgutlu Belediye Ba\u015fkan Yard\u0131mc\u0131 H\u00fcseyin Maliz, &#8220;Okul \u00f6ncesi e\u011fitimi, \u00fc\u00e7 \u00f6\u011f\u00fcn beslenmeyi \u00fccretsiz sunarak t\u00fcm T\u00fcrkiye\u2019ye \u00f6rnek oldu\u011fumuz ve bug\u00fcne kadar yakla\u015f\u0131k 1000 \u00e7ocu\u011fumuza e\u011fitim verdi\u011fimiz Albayrak Mahallesi \u00c7ocuk K\u00fclt\u00fcr Sanat Merkezimizin birinci ya\u015f\u0131 i\u00e7in d\u00fczenlenen programa Ba\u015fkanvekilimiz Faysal Teterba\u015f, K\u00fclt\u00fcr ve Sosyal \u0130\u015fler M\u00fcd\u00fcr\u00fcm\u00fcz B\u00fclent G\u00f6kmen, Bas\u0131n Yay\u0131n ve Halkla \u0130li\u015fkiler Sorumlumuz Emrah Kan\u0131k ile birlikte kat\u0131ld\u0131k. \u00c7ocuklar\u0131m\u0131z\u0131n en g\u00fczel ya\u015flar\u0131nda yan\u0131 ba\u015f\u0131nda olmaya devam edece\u011fiz&#8221; dedi.<br \/><\/p>\n","protected":false},"excerpt":{"rendered":"<p>Turgutlu Belediyesinin sundu\u011fu imkanlarla T\u00fcrkiye\u2019de bir ilke imza att\u0131\u011f\u0131 Albayrak Mahallesi \u00c7ocuk K\u00fclt\u00fcr Sanat Merkezi bir ya\u015f\u0131n\u0131 doldurdu. Birinci y\u0131la \u00f6zel olarak d\u00fczenlenen programda mutlu anlar ya\u015fand\u0131. Turgutlu Belediye Ba\u015fkan\u0131 \u00c7etin Ak\u0131n\u2019\u0131n g\u00f6reve ba\u015flamas\u0131ndan bu yana e\u011fitimde f\u0131rsat e\u015fitli\u011fi hedefiyle ard\u0131 ard\u0131na projelere imza atan Turgutlu Belediyesi, ge\u00e7ti\u011fimiz y\u0131l kap\u0131lar\u0131n\u0131 a\u00e7t\u0131\u011f\u0131 Albayrak Mahallesi \u00c7ocuk K\u00fclt\u00fcr&#8230;<\/p>\n","protected":false},"author":1,"featured_media":40933,"comment_status":"open","ping_status":"open","sticky":false,"template":"","format":"standard","meta":{"_crdt_document":"","footnotes":""},"categories":[1],"tags":[],"class_list":["post-40932","post","type-post","status-publish","format-standard","has-post-thumbnail","hentry","category-guncel"],"_links":{"self":[{"href":"https:\/\/www.egemtv.com\/index.php?rest_route=\/wp\/v2\/posts\/40932","targetHints":{"allow":["GET"]}}],"collection":[{"href":"https:\/\/www.egemtv.com\/index.php?rest_route=\/wp\/v2\/posts"}],"about":[{"href":"https:\/\/www.egemtv.com\/index.php?rest_route=\/wp\/v2\/types\/post"}],"author":[{"embeddable":true,"href":"https:\/\/www.egemtv.com\/index.php?rest_route=\/wp\/v2\/users\/1"}],"replies":[{"embeddable":true,"href":"https:\/\/www.egemtv.com\/index.php?rest_route=%2Fwp%2Fv2%2Fcomments&post=40932"}],"version-history":[{"count":1,"href":"https:\/\/www.egemtv.com\/index.php?rest_route=\/wp\/v2\/posts\/40932\/revisions"}],"predecessor-version":[{"id":40934,"href":"https:\/\/www.egemtv.com\/index.php?rest_route=\/wp\/v2\/posts\/40932\/revisions\/40934"}],"wp:featuredmedia":[{"embeddable":true,"href":"https:\/\/www.egemtv.com\/index.php?rest_route=\/wp\/v2\/media\/40933"}],"wp:attachment":[{"href":"https:\/\/www.egemtv.com\/index.php?rest_route=%2Fwp%2Fv2%2Fmedia&parent=40932"}],"wp:term":[{"taxonomy":"category","embeddable":true,"href":"https:\/\/www.egemtv.com\/index.php?rest_route=%2Fwp%2Fv2%2Fcategories&post=40932"},{"taxonomy":"post_tag","embeddable":true,"href":"https:\/\/www.egemtv.com\/index.php?rest_route=%2Fwp%2Fv2%2Ftags&post=40932"}],"curies":[{"name":"wp","href":"https:\/\/api.w.org\/{rel}","templated":true}]}}