{"id":40929,"date":"2025-07-09T14:57:10","date_gmt":"2025-07-09T11:57:10","guid":{"rendered":"https:\/\/www.egemtv.com\/?p=40929"},"modified":"2025-07-09T14:57:16","modified_gmt":"2025-07-09T11:57:16","slug":"buyuksehirden-milasta-yol-yenileme-calismasi","status":"publish","type":"post","link":"https:\/\/www.egemtv.com\/?p=40929","title":{"rendered":"B\u00fcy\u00fck\u015fehir\u2019den Milas\u2019ta yol yenileme \u00e7al\u0131\u015fmas\u0131"},"content":{"rendered":"<p>Mu\u011fla B\u00fcy\u00fck\u015fehir Belediyesi, k\u0131rsal mahallelerde ula\u015f\u0131m kalitesini art\u0131rmak ve vatanda\u015flar\u0131n g\u00fcnl\u00fck ya\u015fam\u0131na do\u011frudan katk\u0131 sa\u011flamak amac\u0131yla yol yat\u0131r\u0131mlar\u0131na aral\u0131ks\u0131z devam ediyor. Bu kapsamda Mu\u011fla B\u00fcy\u00fck\u015fehir Belediyesi, Milas il\u00e7esinin \u0130\u00e7me ve Savran mahallelerinde yol yap\u0131m \u00e7al\u0131\u015fmalar\u0131na ba\u015flad\u0131.<br \/>\n<br \/>\u0130\u00e7me-Savran yolu yenileniyor<br \/>\n<br \/>Toplam 13 milyon TL yat\u0131r\u0131m bedeliyle ba\u015flat\u0131lan proje kapsam\u0131nda, yakla\u015f\u0131k 4 bin 300 metrelik yolun yenilenmesi planlan\u0131yor. \u00c7al\u0131\u015fmalar kapsam\u0131nda 7 metre yol geni\u015fli\u011fi, zemin d\u00fczenleme, plentmiks temel tabakas\u0131 serimi tamamlan\u0131rken sathi kaplama \u00e7al\u0131\u015fmas\u0131na ba\u015flan\u0131ld\u0131. Yol yap\u0131m \u00e7al\u0131\u015fmalar\u0131 sayesinde b\u00f6lgedeki vatanda\u015flar\u0131n daha g\u00fcvenli ve konforlu bir ula\u015f\u0131m imkan\u0131na kavu\u015fmas\u0131n\u0131 hedefleyen B\u00fcy\u00fck\u015fehir Belediyesi, k\u0131rsalda s\u00fcrd\u00fcr\u00fclen yat\u0131r\u0131mlar\u0131na kesintisiz devam ediyor.<br \/>\n<br \/>B\u00fcy\u00fck\u015fehir\u2019den Milas\u2019a yakla\u015f\u0131k 125 milyonluk yol yat\u0131r\u0131m\u0131<br \/>\n<br \/>Mu\u011fla B\u00fcy\u00fck\u015fehir Belediyesi, 2024 y\u0131l\u0131ndan bu yana Milas genelinde bir\u00e7ok yol projesini hayata ge\u00e7irdi. Bu kapsamda; Mente\u015f Mahallesi\u2019nde 2 bin 400 metre uzunlu\u011fundaki yol, 16 milyon 500 bin TL yat\u0131r\u0131mla yenilendi. Karahay\u0131t Mahallesi\u2019nde ise yol geni\u015fletme \u00e7al\u0131\u015fmas\u0131 14 milyon 250 bin TL yat\u0131r\u0131mla tamamland\u0131. Ya\u015fyer ve Daml\u0131bo\u011faz Mahalleleri aras\u0131nda 80 milyon 669 bin 436 TL maliyetle ba\u015flat\u0131lan 3 bin 700 metrelik yol \u00e7al\u0131\u015fmas\u0131nda ise sona yakla\u015f\u0131ld\u0131.<br \/>\n<br \/>B\u00fcy\u00fck\u015fehir Belediyesi, Milas\u2019ta son olarak \u0130\u00e7me ve Savran Mahallelerini kapsayan 4 bin 300 metrelik yolda iyile\u015ftirme ve yol kaplama \u00e7al\u0131\u015fmas\u0131na ba\u015flad\u0131.<br \/>\n<br \/>Ba\u015fkan Aras: &#8220;Mu\u011fla\u2019m\u0131z\u0131n her k\u00f6\u015fesinde yat\u0131r\u0131mlar\u0131m\u0131z devam ediyor&#8221;<br \/>\n<br \/>K\u0131y\u0131 Ege Belediyeler Birli\u011fi ve Mu\u011fla B\u00fcy\u00fck\u015fehir Belediye Ba\u015fkan\u0131 Ahmet Aras, &#8220;Mu\u011fla\u2019m\u0131z\u0131n 13 il\u00e7esinde, kent merkezlerinden en uzak k\u0131rsal mahallelerimize kadar vatanda\u015flar\u0131m\u0131z\u0131n g\u00fcvenli ve konforlu ula\u015f\u0131m imkanlar\u0131na kavu\u015fmas\u0131 i\u00e7in \u00e7al\u0131\u015f\u0131yoruz. Hizmette adalet ilkemiz gere\u011fi, k\u0131rsal-kent ayr\u0131m\u0131 yapmadan, ihtiya\u00e7 olan her noktaya e\u015fit hizmet g\u00f6t\u00fcrmek i\u00e7in t\u00fcm ekiplerimizle sahaday\u0131z. Amac\u0131m\u0131z, Mu\u011fla\u2019m\u0131z\u0131n her k\u00f6\u015fesinde ya\u015fayan vatanda\u015flar\u0131m\u0131z\u0131n hak etti\u011fi kaliteli hizmeti almas\u0131d\u0131r. Mu\u011fla\u2019m\u0131z\u0131n her noktas\u0131na e\u015fit, adil, planl\u0131 ve s\u00fcrd\u00fcr\u00fclebilir hizmet g\u00f6t\u00fcrmek i\u00e7in hep birlikte \u00e7al\u0131\u015fmaya devam edece\u011fiz&#8221; dedi.<br \/><\/p>\n","protected":false},"excerpt":{"rendered":"<p>Mu\u011fla B\u00fcy\u00fck\u015fehir Belediyesi, k\u0131rsal mahallelerde ula\u015f\u0131m kalitesini art\u0131rmak ve vatanda\u015flar\u0131n g\u00fcnl\u00fck ya\u015fam\u0131na do\u011frudan katk\u0131 sa\u011flamak amac\u0131yla yol yat\u0131r\u0131mlar\u0131na aral\u0131ks\u0131z devam ediyor. Bu kapsamda Mu\u011fla B\u00fcy\u00fck\u015fehir Belediyesi, Milas il\u00e7esinin \u0130\u00e7me ve Savran mahallelerinde yol yap\u0131m \u00e7al\u0131\u015fmalar\u0131na ba\u015flad\u0131. \u0130\u00e7me-Savran yolu yenileniyor Toplam 13 milyon TL yat\u0131r\u0131m bedeliyle ba\u015flat\u0131lan proje kapsam\u0131nda, yakla\u015f\u0131k 4 bin 300 metrelik yolun yenilenmesi&#8230;<\/p>\n","protected":false},"author":1,"featured_media":40930,"comment_status":"open","ping_status":"open","sticky":false,"template":"","format":"standard","meta":{"_crdt_document":"","footnotes":""},"categories":[1],"tags":[],"class_list":["post-40929","post","type-post","status-publish","format-standard","has-post-thumbnail","hentry","category-guncel"],"_links":{"self":[{"href":"https:\/\/www.egemtv.com\/index.php?rest_route=\/wp\/v2\/posts\/40929","targetHints":{"allow":["GET"]}}],"collection":[{"href":"https:\/\/www.egemtv.com\/index.php?rest_route=\/wp\/v2\/posts"}],"about":[{"href":"https:\/\/www.egemtv.com\/index.php?rest_route=\/wp\/v2\/types\/post"}],"author":[{"embeddable":true,"href":"https:\/\/www.egemtv.com\/index.php?rest_route=\/wp\/v2\/users\/1"}],"replies":[{"embeddable":true,"href":"https:\/\/www.egemtv.com\/index.php?rest_route=%2Fwp%2Fv2%2Fcomments&post=40929"}],"version-history":[{"count":1,"href":"https:\/\/www.egemtv.com\/index.php?rest_route=\/wp\/v2\/posts\/40929\/revisions"}],"predecessor-version":[{"id":40931,"href":"https:\/\/www.egemtv.com\/index.php?rest_route=\/wp\/v2\/posts\/40929\/revisions\/40931"}],"wp:featuredmedia":[{"embeddable":true,"href":"https:\/\/www.egemtv.com\/index.php?rest_route=\/wp\/v2\/media\/40930"}],"wp:attachment":[{"href":"https:\/\/www.egemtv.com\/index.php?rest_route=%2Fwp%2Fv2%2Fmedia&parent=40929"}],"wp:term":[{"taxonomy":"category","embeddable":true,"href":"https:\/\/www.egemtv.com\/index.php?rest_route=%2Fwp%2Fv2%2Fcategories&post=40929"},{"taxonomy":"post_tag","embeddable":true,"href":"https:\/\/www.egemtv.com\/index.php?rest_route=%2Fwp%2Fv2%2Ftags&post=40929"}],"curies":[{"name":"wp","href":"https:\/\/api.w.org\/{rel}","templated":true}]}}