{"id":40926,"date":"2025-07-09T14:57:00","date_gmt":"2025-07-09T11:57:00","guid":{"rendered":"https:\/\/www.egemtv.com\/?p=40926"},"modified":"2025-07-09T14:57:09","modified_gmt":"2025-07-09T11:57:09","slug":"baskan-aras-huzurevi-yenileme-calismalarini-inceledi","status":"publish","type":"post","link":"https:\/\/www.egemtv.com\/?p=40926","title":{"rendered":"Ba\u015fkan Aras, Huzurevi yenileme \u00e7al\u0131\u015fmalar\u0131n\u0131 inceledi"},"content":{"rendered":"<p>K\u0131y\u0131 Ege Belediyeler Birli\u011fi ve Mu\u011fla B\u00fcy\u00fck\u015fehir Belediye Ba\u015fkan\u0131 Ahmet Aras, y\u0131k\u0131m\u0131 devam eden ve yerine yenisi yap\u0131lacak olan Abide H. Nuri \u00d6nc\u00fcer Huzurevi, Ya\u015fl\u0131 Bak\u0131m ve Rehabilitasyon Merkezi ile Aile Hekimli\u011fi binas\u0131n\u0131n bulundu\u011fu alanda incelemelerde bulundu.<br \/>\n<br \/>M\u00fclkiyeti Mu\u011fla B\u00fcy\u00fck\u015fehir Belediyesi\u2019ne ait olan ve kullan\u0131m hakk\u0131 Mu\u011fla Valili\u011fi Aile ve Sosyal Hizmetler \u0130l M\u00fcd\u00fcrl\u00fc\u011f\u00fcne tahsis edilen yap\u0131, 2018 T\u00fcrkiye Bina Deprem Y\u00f6netmeli\u011fine g\u00f6re yap\u0131lan analizler sonucunda depreme dayan\u0131kl\u0131 bulunmam\u0131\u015f ve bu do\u011frultuda y\u0131k\u0131m ile yeniden in\u015fa s\u00fcreci ba\u015flat\u0131lm\u0131\u015ft\u0131.<br \/>\n<br \/>Y\u0131k\u0131m s\u00fcreci ba\u015flat\u0131lan yap\u0131n\u0131n, k\u0131sa s\u00fcrede tamamen kald\u0131r\u0131lmas\u0131 hedefleniyor. Yerine yap\u0131lacak yeni tesis, modern sa\u011fl\u0131k ve sosyal donat\u0131lar\u0131yla ya\u015fl\u0131 bireylerin t\u00fcm ihtiya\u00e7lar\u0131n\u0131 kar\u015f\u0131layacak \u015fekilde tasarland\u0131. Proje kapsam\u0131nda a\u00e7\u0131k-kapal\u0131 spor alanlar\u0131, sa\u011fl\u0131k ve bak\u0131m \u00fcniteleri, sosyal alanlar ve toplam 43 odal\u0131 konaklama b\u00f6l\u00fcmleri yer alacak.<br \/>\n<br \/>Hasan \u00d6zcan Ya\u015fam Evinde de \u00e7al\u0131\u015fmalar s\u00fcr\u00fcyor<br \/>\n<br \/>Mu\u011fla B\u00fcy\u00fck\u015fehir Belediyesi, ya\u015fl\u0131 bireylere y\u00f6nelik yat\u0131r\u0131mlar\u0131n\u0131 yaln\u0131zca Abide H. Nuri \u00d6nc\u00fcer Huzurevi, Ya\u015fl\u0131 Bak\u0131m ve Rehabilitasyon Merkezi ile Aile Hekimli\u011fi ile s\u0131n\u0131rl\u0131 tutmuyor. Bu kapsamda, \u0130ZAN Otelcilik Turizm Ticaret ve \u0130n\u015faat A.\u015e. ile imzalanan ba\u011f\u0131\u015f protokol\u00fc do\u011frultusunda hayata ge\u00e7irilen Hasan \u00d6zcan Ya\u015fam Evi projesinde de \u00e7al\u0131\u015fmalar t\u00fcm h\u0131z\u0131yla devam ediyor. M\u00fclkiyeti B\u00fcy\u00fck\u015fehir Belediyesi\u2019ne ait 2 bin 375 metrekarelik alana in\u015fa edilen ya\u015fam evi, 4 bin 500 metrekare kapal\u0131 in\u015faat alan\u0131na sahip olacak. 50 oda ve 100 ki\u015fi kapasiteli tesis, b\u00f6lgedeki \u00f6nemli bir sosyal hizmet ihtiyac\u0131n\u0131 kar\u015f\u0131lamay\u0131 hedefliyor.<br \/>\n<br \/>Ba\u015fkan Aras: &#8220;Yeni huzurevi, sosyal ya\u015famla i\u00e7 i\u00e7e bir ya\u015fam alan\u0131 olacak&#8221;<br \/>\n<br \/>\u00c7al\u0131\u015fmalar\u0131 yerinde inceleyen K\u0131y\u0131 Ege Belediyeler Birli\u011fi ve Mu\u011fla B\u00fcy\u00fck\u015fehir Belediye Ba\u015fkan\u0131 Ahmet Aras yapt\u0131\u011f\u0131 a\u00e7\u0131klamada \u015funlar\u0131 s\u00f6yledi: &#8220;Depreme dayan\u0131kl\u0131 olmad\u0131\u011f\u0131 tespit edilen mevcut binan\u0131n y\u0131k\u0131m\u0131 tamamland\u0131ktan sonra, \u00e7a\u011fda\u015f, g\u00fcvenli ve sosyal ihtiya\u00e7lara cevap veren bir huzurevi in\u015fa edece\u011fiz. Ya\u015f alm\u0131\u015f vatanda\u015flar\u0131m\u0131z\u0131n kendilerini yaln\u0131z hissetmeyecekleri, sosyal etkinliklere kat\u0131labilecekleri, g\u00fcvenli ve sa\u011fl\u0131kl\u0131 bir ortam olu\u015fturmak en b\u00fcy\u00fck hedefimiz. Ya\u015f alm\u0131\u015f bireylerimizin toplumla ba\u011flar\u0131n\u0131 s\u00fcrd\u00fcrmelerini \u00f6nemsiyoruz. Bu nedenle K\u0131\u015fla Park\u0131n\u0131 da huzurevi sakinlerinin kullan\u0131m\u0131na a\u00e7aca\u011f\u0131z. Ya\u015fl\u0131lar\u0131m\u0131z parka kolayca ula\u015fabilecek, burada y\u00fcr\u00fcy\u00fc\u015f yapabilecek, do\u011fayla i\u00e7 i\u00e7e zaman ge\u00e7irebilecekler. Bu sadece bir bina projesi de\u011fil; ayn\u0131 zamanda insan onuruna yak\u0131\u015f\u0131r bir ya\u015fam alan\u0131 projesidir&#8221; dedi.<br \/><\/p>\n","protected":false},"excerpt":{"rendered":"<p>K\u0131y\u0131 Ege Belediyeler Birli\u011fi ve Mu\u011fla B\u00fcy\u00fck\u015fehir Belediye Ba\u015fkan\u0131 Ahmet Aras, y\u0131k\u0131m\u0131 devam eden ve yerine yenisi yap\u0131lacak olan Abide H. Nuri \u00d6nc\u00fcer Huzurevi, Ya\u015fl\u0131 Bak\u0131m ve Rehabilitasyon Merkezi ile Aile Hekimli\u011fi binas\u0131n\u0131n bulundu\u011fu alanda incelemelerde bulundu. M\u00fclkiyeti Mu\u011fla B\u00fcy\u00fck\u015fehir Belediyesi\u2019ne ait olan ve kullan\u0131m hakk\u0131 Mu\u011fla Valili\u011fi Aile ve Sosyal Hizmetler \u0130l M\u00fcd\u00fcrl\u00fc\u011f\u00fcne tahsis&#8230;<\/p>\n","protected":false},"author":1,"featured_media":40927,"comment_status":"open","ping_status":"open","sticky":false,"template":"","format":"standard","meta":{"_crdt_document":"","footnotes":""},"categories":[125],"tags":[],"class_list":["post-40926","post","type-post","status-publish","format-standard","has-post-thumbnail","hentry","category-ekonomi"],"_links":{"self":[{"href":"https:\/\/www.egemtv.com\/index.php?rest_route=\/wp\/v2\/posts\/40926","targetHints":{"allow":["GET"]}}],"collection":[{"href":"https:\/\/www.egemtv.com\/index.php?rest_route=\/wp\/v2\/posts"}],"about":[{"href":"https:\/\/www.egemtv.com\/index.php?rest_route=\/wp\/v2\/types\/post"}],"author":[{"embeddable":true,"href":"https:\/\/www.egemtv.com\/index.php?rest_route=\/wp\/v2\/users\/1"}],"replies":[{"embeddable":true,"href":"https:\/\/www.egemtv.com\/index.php?rest_route=%2Fwp%2Fv2%2Fcomments&post=40926"}],"version-history":[{"count":1,"href":"https:\/\/www.egemtv.com\/index.php?rest_route=\/wp\/v2\/posts\/40926\/revisions"}],"predecessor-version":[{"id":40928,"href":"https:\/\/www.egemtv.com\/index.php?rest_route=\/wp\/v2\/posts\/40926\/revisions\/40928"}],"wp:featuredmedia":[{"embeddable":true,"href":"https:\/\/www.egemtv.com\/index.php?rest_route=\/wp\/v2\/media\/40927"}],"wp:attachment":[{"href":"https:\/\/www.egemtv.com\/index.php?rest_route=%2Fwp%2Fv2%2Fmedia&parent=40926"}],"wp:term":[{"taxonomy":"category","embeddable":true,"href":"https:\/\/www.egemtv.com\/index.php?rest_route=%2Fwp%2Fv2%2Fcategories&post=40926"},{"taxonomy":"post_tag","embeddable":true,"href":"https:\/\/www.egemtv.com\/index.php?rest_route=%2Fwp%2Fv2%2Ftags&post=40926"}],"curies":[{"name":"wp","href":"https:\/\/api.w.org\/{rel}","templated":true}]}}