{"id":40923,"date":"2025-07-09T14:56:35","date_gmt":"2025-07-09T11:56:35","guid":{"rendered":"https:\/\/www.egemtv.com\/?p=40923"},"modified":"2025-07-09T14:56:57","modified_gmt":"2025-07-09T11:56:57","slug":"mskude-klasik-diller-yaz-kursu","status":"publish","type":"post","link":"https:\/\/www.egemtv.com\/?p=40923","title":{"rendered":"MSK\u00dc\u2019de klasik diller yaz kursu"},"content":{"rendered":"<p>Mu\u011fla S\u0131tk\u0131 Ko\u00e7man \u00dcniversitesi (MSK\u00dc), klasik filoloji ve tarih merakl\u0131lar\u0131n\u0131 bu yaz bir araya getiriyor. Bu y\u0131l \u00fc\u00e7\u00fcnc\u00fcs\u00fc d\u00fczenlenen Klasik Diller Yaz Kursu, 27 Temmuz\u2018a kadar MSK\u00dc Bilim ve Sanat Evi\u2019nde devam edecek.<br \/>\n<br \/>Eski Yunanca ve Klasik Latince dillerinde verilen kurs, yo\u011funla\u015ft\u0131r\u0131lm\u0131\u015f bir program \u00e7er\u00e7evesinde haftan\u0131n be\u015f g\u00fcn\u00fc, \u00fc\u00e7er saatlik dersler ve \u00f6devlerle y\u00fcr\u00fct\u00fcl\u00fcyor. Dr. \u00d6\u011fr. \u00dcyesi Kutlu Akal\u0131n ve \u00d6\u011fr. G\u00f6r. Alp Ejder Kanto\u011flu\u2019nun e\u011fitmenli\u011finde ger\u00e7ekle\u015fen kursa, lisans\u00fcst\u00fc \u00f6\u011frencilerin yan\u0131 s\u0131ra her ya\u015ftan ve meslekten kat\u0131l\u0131mc\u0131 ilgi g\u00f6steriyor.<br \/>\n<br \/>Klasik Diller Yaz Kursu kapsam\u0131nda, yak\u0131n zamanda faaliyete ge\u00e7en MSK\u00dc Bilim \u0130leti\u015fimi Ofisi de (B\u0130O) d\u00fczenleyece\u011fi Bilim Kafe etkinlikleri ile kat\u0131l\u0131mc\u0131larla bulu\u015facak. Halka a\u00e7\u0131k ve \u00fccretsiz olacak 2 \u00f6nemli etkinlik, bilimseverleri bir araya getirecek.<br \/>\n<br \/>&#8220;Tarih\u00e7i Ne S\u00f6yler? Ne Saklar?&#8221; ba\u015fl\u0131kl\u0131 Bilim Kafe etkinli\u011finde, MSK\u00dc Rekt\u00f6r\u00fc Prof. Dr. Turhan Ka\u00e7ar konu\u015fmac\u0131 olarak yer alacak. Tarih B\u00f6l\u00fcm\u00fc \u00d6\u011fretim \u00dcyesi Prof. Dr. Murat Ke\u00e7i\u015f\u2019in moderat\u00f6rl\u00fc\u011f\u00fcnde ger\u00e7ekle\u015fecek etkinlik, 11 Temmuz 2025 Cuma g\u00fcn\u00fc saat 17.00\u2019de Balibey Mahallesi\u2019ndeki Bilim ve Sanat Evi\u2019nde yap\u0131lacak.<br \/>\n<br \/>Ard\u0131ndan 16 Temmuz 2025 \u00c7ar\u015famba g\u00fcn\u00fc saat 17.00\u2019de ise Edebiyat Fak\u00fcltesi \u00d6\u011fretim \u00dcyesi Do\u00e7. Dr. Suna \u00c7a\u011faptay &#8220;Arkeoloji Ne Anlat\u0131r? Kad\u0131kalesi\u2019nden Bizans Hik\u00e2yeleri&#8221; konulu etkinli\u011fiyle vatanda\u015flarla bulu\u015facak.<br \/>\n<br \/>Tarihin ve dil biliminin bir araya geldi\u011fi bu kapsaml\u0131 yaz program\u0131, kat\u0131l\u0131mc\u0131lara hem akademik hem k\u00fclt\u00fcrel a\u00e7\u0131dan zengin bir deneyim sunmay\u0131 hedefliyor.<br \/><\/p>\n","protected":false},"excerpt":{"rendered":"<p>Mu\u011fla S\u0131tk\u0131 Ko\u00e7man \u00dcniversitesi (MSK\u00dc), klasik filoloji ve tarih merakl\u0131lar\u0131n\u0131 bu yaz bir araya getiriyor. Bu y\u0131l \u00fc\u00e7\u00fcnc\u00fcs\u00fc d\u00fczenlenen Klasik Diller Yaz Kursu, 27 Temmuz\u2018a kadar MSK\u00dc Bilim ve Sanat Evi\u2019nde devam edecek. Eski Yunanca ve Klasik Latince dillerinde verilen kurs, yo\u011funla\u015ft\u0131r\u0131lm\u0131\u015f bir program \u00e7er\u00e7evesinde haftan\u0131n be\u015f g\u00fcn\u00fc, \u00fc\u00e7er saatlik dersler ve \u00f6devlerle y\u00fcr\u00fct\u00fcl\u00fcyor. Dr&#8230;.<\/p>\n","protected":false},"author":1,"featured_media":40924,"comment_status":"open","ping_status":"open","sticky":false,"template":"","format":"standard","meta":{"_crdt_document":"","footnotes":""},"categories":[1],"tags":[],"class_list":["post-40923","post","type-post","status-publish","format-standard","has-post-thumbnail","hentry","category-guncel"],"_links":{"self":[{"href":"https:\/\/www.egemtv.com\/index.php?rest_route=\/wp\/v2\/posts\/40923","targetHints":{"allow":["GET"]}}],"collection":[{"href":"https:\/\/www.egemtv.com\/index.php?rest_route=\/wp\/v2\/posts"}],"about":[{"href":"https:\/\/www.egemtv.com\/index.php?rest_route=\/wp\/v2\/types\/post"}],"author":[{"embeddable":true,"href":"https:\/\/www.egemtv.com\/index.php?rest_route=\/wp\/v2\/users\/1"}],"replies":[{"embeddable":true,"href":"https:\/\/www.egemtv.com\/index.php?rest_route=%2Fwp%2Fv2%2Fcomments&post=40923"}],"version-history":[{"count":1,"href":"https:\/\/www.egemtv.com\/index.php?rest_route=\/wp\/v2\/posts\/40923\/revisions"}],"predecessor-version":[{"id":40925,"href":"https:\/\/www.egemtv.com\/index.php?rest_route=\/wp\/v2\/posts\/40923\/revisions\/40925"}],"wp:featuredmedia":[{"embeddable":true,"href":"https:\/\/www.egemtv.com\/index.php?rest_route=\/wp\/v2\/media\/40924"}],"wp:attachment":[{"href":"https:\/\/www.egemtv.com\/index.php?rest_route=%2Fwp%2Fv2%2Fmedia&parent=40923"}],"wp:term":[{"taxonomy":"category","embeddable":true,"href":"https:\/\/www.egemtv.com\/index.php?rest_route=%2Fwp%2Fv2%2Fcategories&post=40923"},{"taxonomy":"post_tag","embeddable":true,"href":"https:\/\/www.egemtv.com\/index.php?rest_route=%2Fwp%2Fv2%2Ftags&post=40923"}],"curies":[{"name":"wp","href":"https:\/\/api.w.org\/{rel}","templated":true}]}}