{"id":40920,"date":"2025-07-09T14:17:02","date_gmt":"2025-07-09T11:17:02","guid":{"rendered":"https:\/\/www.egemtv.com\/?p=40920"},"modified":"2025-07-09T14:17:07","modified_gmt":"2025-07-09T11:17:07","slug":"sarigolde-dyk-yaz-donemi-kurslari-ve-yaz-okullari-basladi","status":"publish","type":"post","link":"https:\/\/www.egemtv.com\/?p=40920","title":{"rendered":"Sar\u0131g\u00f6l\u2019de DYK yaz d\u00f6nemi kurslar\u0131 ve yaz okullar\u0131 ba\u015flad\u0131"},"content":{"rendered":"<p>Manisa\u2019n\u0131n Sar\u0131g\u00f6l il\u00e7esinde 1 Temmuz itibar\u0131yla ba\u015flayan Destekleme ve Yeti\u015ftirme Kurslar\u0131 (DYK) yaz d\u00f6nemi kurslar\u0131 ve yaz okullar\u0131, 31 A\u011fustos 2025 tarihine kadar devam edecek.<br \/>\n<br \/>Yaz tatilini verimli ge\u00e7irmek isteyen \u00f6\u011frenciler i\u00e7in \u00f6nemli bir f\u0131rsat sunan kurslara, \u00f6\u011frenciler ve \u00f6\u011fretmenler bulunduklar\u0131 yerle\u015fim birimlerinde kat\u0131l\u0131m sa\u011flayabiliyor. Sar\u0131g\u00f6l\u2019de de bu kapsamda Mustafa Metin \u0130mam Hatip Ortaokulu b\u00fcnyesinde DYK kurslar\u0131 a\u00e7\u0131ld\u0131.<br \/>\n<br \/>Sar\u0131g\u00f6l \u0130l\u00e7e Milli E\u011fitim M\u00fcd\u00fcr\u00fc Cezmi Y\u0131ld\u0131rak konuyla ilgili yapt\u0131\u011f\u0131 a\u00e7\u0131klamada, &#8220;\u00d6\u011frencilerimiz ve \u00f6\u011fretmenlerimiz, bulunduklar\u0131 yerle\u015fim yerlerindeki kurslara kat\u0131l\u0131m sa\u011flayabilecekler. \u0130l\u00e7emizde Mustafa Metin \u0130mam Hatip Ortaokulu\u2019nda yaz d\u00f6nemi kurslar\u0131 ba\u015flat\u0131lm\u0131\u015ft\u0131r. Yaz tatilini verimli ge\u00e7irmek isteyen t\u00fcm \u00f6\u011frencilerimizi bekliyoruz. E\u011fitimle dolu, keyifli bir yaz diliyorum.&#8221; dedi.<br \/><\/p>\n","protected":false},"excerpt":{"rendered":"<p>Manisa\u2019n\u0131n Sar\u0131g\u00f6l il\u00e7esinde 1 Temmuz itibar\u0131yla ba\u015flayan Destekleme ve Yeti\u015ftirme Kurslar\u0131 (DYK) yaz d\u00f6nemi kurslar\u0131 ve yaz okullar\u0131, 31 A\u011fustos 2025 tarihine kadar devam edecek. Yaz tatilini verimli ge\u00e7irmek isteyen \u00f6\u011frenciler i\u00e7in \u00f6nemli bir f\u0131rsat sunan kurslara, \u00f6\u011frenciler ve \u00f6\u011fretmenler bulunduklar\u0131 yerle\u015fim birimlerinde kat\u0131l\u0131m sa\u011flayabiliyor. Sar\u0131g\u00f6l\u2019de de bu kapsamda Mustafa Metin \u0130mam Hatip Ortaokulu b\u00fcnyesinde&#8230;<\/p>\n","protected":false},"author":1,"featured_media":40921,"comment_status":"open","ping_status":"open","sticky":false,"template":"","format":"standard","meta":{"_crdt_document":"","footnotes":""},"categories":[1],"tags":[],"class_list":["post-40920","post","type-post","status-publish","format-standard","has-post-thumbnail","hentry","category-guncel"],"_links":{"self":[{"href":"https:\/\/www.egemtv.com\/index.php?rest_route=\/wp\/v2\/posts\/40920","targetHints":{"allow":["GET"]}}],"collection":[{"href":"https:\/\/www.egemtv.com\/index.php?rest_route=\/wp\/v2\/posts"}],"about":[{"href":"https:\/\/www.egemtv.com\/index.php?rest_route=\/wp\/v2\/types\/post"}],"author":[{"embeddable":true,"href":"https:\/\/www.egemtv.com\/index.php?rest_route=\/wp\/v2\/users\/1"}],"replies":[{"embeddable":true,"href":"https:\/\/www.egemtv.com\/index.php?rest_route=%2Fwp%2Fv2%2Fcomments&post=40920"}],"version-history":[{"count":1,"href":"https:\/\/www.egemtv.com\/index.php?rest_route=\/wp\/v2\/posts\/40920\/revisions"}],"predecessor-version":[{"id":40922,"href":"https:\/\/www.egemtv.com\/index.php?rest_route=\/wp\/v2\/posts\/40920\/revisions\/40922"}],"wp:featuredmedia":[{"embeddable":true,"href":"https:\/\/www.egemtv.com\/index.php?rest_route=\/wp\/v2\/media\/40921"}],"wp:attachment":[{"href":"https:\/\/www.egemtv.com\/index.php?rest_route=%2Fwp%2Fv2%2Fmedia&parent=40920"}],"wp:term":[{"taxonomy":"category","embeddable":true,"href":"https:\/\/www.egemtv.com\/index.php?rest_route=%2Fwp%2Fv2%2Fcategories&post=40920"},{"taxonomy":"post_tag","embeddable":true,"href":"https:\/\/www.egemtv.com\/index.php?rest_route=%2Fwp%2Fv2%2Ftags&post=40920"}],"curies":[{"name":"wp","href":"https:\/\/api.w.org\/{rel}","templated":true}]}}